{"id":34275,"date":"2026-08-24T21:35:03","date_gmt":"2026-08-25T03:35:03","guid":{"rendered":"https:\/\/sientetupasion.com\/?p=34275"},"modified":"2026-08-24T21:35:03","modified_gmt":"2026-08-25T03:35:03","slug":"con-presentacion-e-interpretacion-de-su-obra-rinde-fenaliz-2026-homenaje-a-alberto-huerta","status":"publish","type":"post","link":"https:\/\/sientetupasion.com\/index.php\/2026\/08\/24\/con-presentacion-e-interpretacion-de-su-obra-rinde-fenaliz-2026-homenaje-a-alberto-huerta\/","title":{"rendered":"Con presentaci\u00f3n e interpretaci\u00f3n de su obra, rinde Fenaliz 2026 homenaje a Alberto Huerta"},"content":{"rendered":"<p>&nbsp;<\/p>\n<p>\u25aa\ufe0fFue presentado su libro \u201cCuarteto\u201d y la adaptaci\u00f3n de su obra \u201cLa noche\u201d, mon\u00f3logo que llev\u00f3 a escena Leopoldo El\u00edas Smith Mac Donald<br \/>\n\u25aa\ufe0fCon estas actividades, el Gobierno de Zacatecas refrenda su prop\u00f3sito de generar espacios para el encuentro con los libros, sus autores y lectores<\/p>\n<p>Zacatecas, Zac., 24 de agosto de 2026.- Con un programa que vincul\u00f3 literatura, memoria, patrimonio y creaci\u00f3n art\u00edstica, se desarroll\u00f3 el cuarto d\u00eda de actividades de la Feria Nacional del Libro Zacatecas (Fenaliz) 2026, que tuvo entre su programaci\u00f3n la presentaci\u00f3n del libro \u201cCuarteto\u201d, de Alberto Huerta, a manera de homenaje al escritor zacatecano, a quien se dedica esta edici\u00f3n de la Feria.<\/p>\n<p>Organizada y coordinada por el Gobierno del Estado, a trav\u00e9s del Instituto Zacatecano de Cultura (IZC) \u201cRam\u00f3n L\u00f3pez Velarde\u201d, la jornada de este lunes tuvo como uno de los momentos centrales el homenaje al escritor Alberto Huerta, en el que fue presentado su libro \u201cCuarteto\u201d, con la participaci\u00f3n de Er\u00e9ndira Covix, Ezau Luevano, Daniel Garc\u00eda Adame y Karla Frausto.<\/p>\n<p>El encuentro permiti\u00f3 reconocer la trayectoria y aportaciones de Huerta a la literatura y a la vida cultural de Zacatecas, a trav\u00e9s de una obra que mantiene vigente su voz y su legado.<\/p>\n<p>La jornada, que tuvo como sedes el Foro de Plaza de Armas y Palacio de Gobierno, incluy\u00f3 la presentaci\u00f3n de \u201cTestimonio del ideario pol\u00edtico del profesor Juan Francisco Carrillo Acevedo\u201d, obra de Samuel Ch\u00e1vez Gonz\u00e1lez, Antonio Escare\u00f1o Ch\u00e1vez, Rafael Novella Guerrero y Sergio Delgado, quienes compartieron con el p\u00fablico los contenidos y reflexiones que integran este trabajo, con la moderaci\u00f3n de Rafael Novella Guerrero.<\/p>\n<p>En materia de patrimonio cultural, se present\u00f3 \u201cEcos del Patrimonio. Promoviendo el patrimonio mundial en M\u00e9xico, Am\u00e9rica Central y el Caribe\u201d, a cargo de Daniel Hern\u00e1ndez Palestino, bajo la moderaci\u00f3n de X\u00f3chitl del Carmen Marentes Esquivel. La publicaci\u00f3n aborda la importancia de promover el conocimiento, valoraci\u00f3n y preservaci\u00f3n del patrimonio en la regi\u00f3n.<\/p>\n<p>Asimismo, el programa literario contempl\u00f3 la presentaci\u00f3n de \u201cLa vida es un castillo de naipes sostenido por el azar\u201d, del escritor Sigifredo Esquivel Mar\u00edn, con los comentarios de Javier Acosta y Paola Reyes, y la moderaci\u00f3n de J\u00e1nea Estrada Lazar\u00edn. El volumen, perteneciente al g\u00e9nero de poes\u00eda, sum\u00f3 una propuesta de reflexi\u00f3n y creaci\u00f3n a las actividades de esta jornada.<\/p>\n<p>Como parte del v\u00ednculo entre literatura y artes esc\u00e9nicas, se present\u00f3, finalmente, el mon\u00f3logo \u201cLa noche\u201d, adaptaci\u00f3n de una obra de Alberto Huerta, a cargo de Leopoldo El\u00edas Smith Mac Donald, con lo que la jornada incorpor\u00f3 una expresi\u00f3n esc\u00e9nica para acercar al p\u00fablico a la obra del autor homenajeado.<\/p>\n<p>De esta manera, durante el cuarto d\u00eda de la Feria Nacional del Libro Zacatecas 2026, el Gobierno del Estado refrend\u00f3 su prop\u00f3sito de generar espacios para el encuentro con los libros, sus autores y lectores, al tiempo que reconoci\u00f3 la memoria y las aportaciones de figuras fundamentales para la cultura literaria de la entidad.<\/p>\n","protected":false},"excerpt":{"rendered":"<p>&nbsp; \u25aa\ufe0fFue presentado su libro \u201cCuarteto\u201d y la adaptaci\u00f3n de su obra \u201cLa noche\u201d, mon\u00f3logo que llev\u00f3 a escena Leopoldo El\u00edas Smith Mac Donald \u25aa\ufe0fCon estas<span class=\"excerpt-hellip\"> [\u2026]<\/span><\/p>\n","protected":false},"author":2,"featured_media":34276,"comment_status":"open","ping_status":"open","sticky":false,"template":"","format":"standard","meta":{"footnotes":""},"categories":[16],"tags":[],"class_list":["post-34275","post","type-post","status-publish","format-standard","has-post-thumbnail","hentry","category-zacatecas"],"_links":{"self":[{"href":"https:\/\/sientetupasion.com\/index.php\/wp-json\/wp\/v2\/posts\/34275","targetHints":{"allow":["GET"]}}],"collection":[{"href":"https:\/\/sientetupasion.com\/index.php\/wp-json\/wp\/v2\/posts"}],"about":[{"href":"https:\/\/sientetupasion.com\/index.php\/wp-json\/wp\/v2\/types\/post"}],"author":[{"embeddable":true,"href":"https:\/\/sientetupasion.com\/index.php\/wp-json\/wp\/v2\/users\/2"}],"replies":[{"embeddable":true,"href":"https:\/\/sientetupasion.com\/index.php\/wp-json\/wp\/v2\/comments?post=34275"}],"version-history":[{"count":1,"href":"https:\/\/sientetupasion.com\/index.php\/wp-json\/wp\/v2\/posts\/34275\/revisions"}],"predecessor-version":[{"id":34277,"href":"https:\/\/sientetupasion.com\/index.php\/wp-json\/wp\/v2\/posts\/34275\/revisions\/34277"}],"wp:featuredmedia":[{"embeddable":true,"href":"https:\/\/sientetupasion.com\/index.php\/wp-json\/wp\/v2\/media\/34276"}],"wp:attachment":[{"href":"https:\/\/sientetupasion.com\/index.php\/wp-json\/wp\/v2\/media?parent=34275"}],"wp:term":[{"taxonomy":"category","embeddable":true,"href":"https:\/\/sientetupasion.com\/index.php\/wp-json\/wp\/v2\/categories?post=34275"},{"taxonomy":"post_tag","embeddable":true,"href":"https:\/\/sientetupasion.com\/index.php\/wp-json\/wp\/v2\/tags?post=34275"}],"curies":[{"name":"wp","href":"https:\/\/api.w.org\/{rel}","templated":true}]}}