{"id":34260,"date":"2026-08-24T21:28:24","date_gmt":"2026-08-25T03:28:24","guid":{"rendered":"https:\/\/sientetupasion.com\/?p=34260"},"modified":"2026-08-24T21:28:24","modified_gmt":"2026-08-25T03:28:24","slug":"alista-cecytez-arranque-del-ciclo-escolar-2026-2027","status":"publish","type":"post","link":"https:\/\/sientetupasion.com\/index.php\/2026\/08\/24\/alista-cecytez-arranque-del-ciclo-escolar-2026-2027\/","title":{"rendered":"Alista Cecytez arranque del ciclo escolar 2026 &#8211; 2027"},"content":{"rendered":"<p>&nbsp;<\/p>\n<p>\u25aa\ufe0fLa comunidad docente, directiva y administrativa del Subsistema particip\u00f3 en la estrategia capacitadora<br \/>\n\u25aa\ufe0fTalleres, conferencias y sesiones de trabajo orientadas a la did\u00e1ctica<br \/>\n\u25aa\ufe0fColaboraron instituciones como Utzac y UPN<\/p>\n<p>Zacatecas, Zac., 24 de agosto de 2026.- El Colegio de Estudios Cient\u00edficos y Tecnol\u00f3gicos del Estado de Zacatecas (Cecytez) alista el arranque del Ciclo Escolar 2026 \u2013 2027, con la Jornada Intersemestral de Capacitaci\u00f3n, dirigida a personal docente y administrativo, con el prop\u00f3sito de consolidar pr\u00e1cticas y estrategias para recibir a m\u00e1s de 9 mil j\u00f3venes del nivel medio superior.<\/p>\n<p>Con la representaci\u00f3n del Director General del Cecytez, Julio C\u00e9sar Ortiz Fuentes, el Director Acad\u00e9mico, David Jasso Vel\u00e1zquez, detall\u00f3 que esta jornada est\u00e1 alineada con la pol\u00edtica en materia educativa de la Agenda del Progreso, que encabeza el Gobernador David Monreal \u00c1vila.<\/p>\n<p>Personal docente y administrativo particip\u00f3 en talleres, conferencias y sesiones de trabajo enfocadas a posicionar estrategias did\u00e1cticas y el uso de tecnolog\u00edas educativas de vanguardia.<\/p>\n<p>Las actividades se realizaron con el apoyo de instituciones como la Universidad Tecnol\u00f3gica del Estado de Zacatecas (Utzac); la Universidad Pedag\u00f3gica Nacional (UPN), y el Centro de Estudios Tecnol\u00f3gicos Industrial y de Servicios (Cetis).<\/p>\n<p>La Jornada Intersemestral de Capacitaci\u00f3n se dividi\u00f3 en las regiones Zacatecas, Fresnillo, R\u00edo Grande y Tlaltenango, con lo cual se garantiz\u00f3 la cobertura a la totalidad de la comunidad docente, directiva y administrativa del Subsistema, a fin de propiciar un entorno ideal que fomente la permanencia de las y los j\u00f3venes en las aulas.<\/p>\n","protected":false},"excerpt":{"rendered":"<p>&nbsp; \u25aa\ufe0fLa comunidad docente, directiva y administrativa del Subsistema particip\u00f3 en la estrategia capacitadora \u25aa\ufe0fTalleres, conferencias y sesiones de trabajo orientadas a la did\u00e1ctica \u25aa\ufe0fColaboraron instituciones<span class=\"excerpt-hellip\"> [\u2026]<\/span><\/p>\n","protected":false},"author":2,"featured_media":34261,"comment_status":"open","ping_status":"open","sticky":false,"template":"","format":"standard","meta":{"footnotes":""},"categories":[16],"tags":[],"class_list":["post-34260","post","type-post","status-publish","format-standard","has-post-thumbnail","hentry","category-zacatecas"],"_links":{"self":[{"href":"https:\/\/sientetupasion.com\/index.php\/wp-json\/wp\/v2\/posts\/34260","targetHints":{"allow":["GET"]}}],"collection":[{"href":"https:\/\/sientetupasion.com\/index.php\/wp-json\/wp\/v2\/posts"}],"about":[{"href":"https:\/\/sientetupasion.com\/index.php\/wp-json\/wp\/v2\/types\/post"}],"author":[{"embeddable":true,"href":"https:\/\/sientetupasion.com\/index.php\/wp-json\/wp\/v2\/users\/2"}],"replies":[{"embeddable":true,"href":"https:\/\/sientetupasion.com\/index.php\/wp-json\/wp\/v2\/comments?post=34260"}],"version-history":[{"count":1,"href":"https:\/\/sientetupasion.com\/index.php\/wp-json\/wp\/v2\/posts\/34260\/revisions"}],"predecessor-version":[{"id":34262,"href":"https:\/\/sientetupasion.com\/index.php\/wp-json\/wp\/v2\/posts\/34260\/revisions\/34262"}],"wp:featuredmedia":[{"embeddable":true,"href":"https:\/\/sientetupasion.com\/index.php\/wp-json\/wp\/v2\/media\/34261"}],"wp:attachment":[{"href":"https:\/\/sientetupasion.com\/index.php\/wp-json\/wp\/v2\/media?parent=34260"}],"wp:term":[{"taxonomy":"category","embeddable":true,"href":"https:\/\/sientetupasion.com\/index.php\/wp-json\/wp\/v2\/categories?post=34260"},{"taxonomy":"post_tag","embeddable":true,"href":"https:\/\/sientetupasion.com\/index.php\/wp-json\/wp\/v2\/tags?post=34260"}],"curies":[{"name":"wp","href":"https:\/\/api.w.org\/{rel}","templated":true}]}}