{"id":34245,"date":"2026-08-24T21:17:44","date_gmt":"2026-08-25T03:17:44","guid":{"rendered":"https:\/\/sientetupasion.com\/?p=34245"},"modified":"2026-08-24T21:17:44","modified_gmt":"2026-08-25T03:17:44","slug":"anuncia-presidenta-de-sedif-tradicional-baile-para-celebrar-a-las-y-los-abuelos-de-zacatecas","status":"publish","type":"post","link":"https:\/\/sientetupasion.com\/index.php\/2026\/08\/24\/anuncia-presidenta-de-sedif-tradicional-baile-para-celebrar-a-las-y-los-abuelos-de-zacatecas\/","title":{"rendered":"Anuncia Presidenta de SEDIF tradicional baile para celebrar a las y los abuelos de Zacatecas"},"content":{"rendered":"<p>&nbsp;<\/p>\n<p>\u25aa\ufe0fComo parte de esta celebraci\u00f3n, se realizar\u00e1 la elecci\u00f3n y coronaci\u00f3n de la Reina de la Tercera Edad del Estado de Zacatecas<br \/>\n\u25aa\ufe0fEste encuentro reunir\u00e1 a m\u00e1s de 700 adultos mayores, provenientes de los 58 municipios del estado<\/p>\n<p>Zacatecas, Zac., 24 de agosto 2026.- La Presidenta Honor\u00edfica del Sistema Estatal para el Desarrollo Integral de la Familia (SEDIF), Sara Hern\u00e1ndez de Monreal, anunci\u00f3 que el pr\u00f3ximo jueves 27 de agosto se llevar\u00e1 a cabo el tradicional Baile Conmemorativo del D\u00eda de las y los Abuelos, como parte de las actividades para reconocer y celebrar a las personas adultas mayores de Zacatecas.<\/p>\n<p>Este encuentro reunir\u00e1 a m\u00e1s de 700 adultos mayores, provenientes de los 58 municipios del estado, quienes disfrutar\u00e1n de una jornada de convivencia, m\u00fasica y alegr\u00eda, en reconocimiento a su invaluable aportaci\u00f3n a las familias y a la sociedad zacatecana.<\/p>\n<p>Como parte de esta celebraci\u00f3n, enmarcada en la Agenda del Progreso, se realizar\u00e1 la tradicional elecci\u00f3n y coronaci\u00f3n de la Reina de la Tercera Edad del Estado de Zacatecas, en la que participar\u00e1n embajadoras de distintas estancias y municipios, quienes compartir\u00e1n el entusiasmo y orgullo de representar a sus comunidades.<\/p>\n<p>La se\u00f1ora Sara Hern\u00e1ndez de Monreal destac\u00f3 que este evento es una oportunidad para reconocer la experiencia, sabidur\u00eda y trayectoria de las personas adultas mayores, adem\u00e1s de fortalecer los lazos de convivencia y promover una cultura de respeto, inclusi\u00f3n y reconocimiento hacia este sector de la poblaci\u00f3n.<\/p>\n<p>La Presidenta Honor\u00edfica del SEDIF refrend\u00f3 el compromiso del Gobierno de Zacatecas, que encabeza el mandatario David Monreal \u00c1vila, de continuar el impulso de actividades que contribuyan al bienestar integral de las personas adultas mayores y que les permitan disfrutar de espacios de convivencia, recreaci\u00f3n y participaci\u00f3n social.<\/p>\n","protected":false},"excerpt":{"rendered":"<p>&nbsp; \u25aa\ufe0fComo parte de esta celebraci\u00f3n, se realizar\u00e1 la elecci\u00f3n y coronaci\u00f3n de la Reina de la Tercera Edad del Estado de Zacatecas \u25aa\ufe0fEste encuentro reunir\u00e1<span class=\"excerpt-hellip\"> [\u2026]<\/span><\/p>\n","protected":false},"author":2,"featured_media":34246,"comment_status":"open","ping_status":"open","sticky":false,"template":"","format":"standard","meta":{"footnotes":""},"categories":[16],"tags":[],"class_list":["post-34245","post","type-post","status-publish","format-standard","has-post-thumbnail","hentry","category-zacatecas"],"_links":{"self":[{"href":"https:\/\/sientetupasion.com\/index.php\/wp-json\/wp\/v2\/posts\/34245","targetHints":{"allow":["GET"]}}],"collection":[{"href":"https:\/\/sientetupasion.com\/index.php\/wp-json\/wp\/v2\/posts"}],"about":[{"href":"https:\/\/sientetupasion.com\/index.php\/wp-json\/wp\/v2\/types\/post"}],"author":[{"embeddable":true,"href":"https:\/\/sientetupasion.com\/index.php\/wp-json\/wp\/v2\/users\/2"}],"replies":[{"embeddable":true,"href":"https:\/\/sientetupasion.com\/index.php\/wp-json\/wp\/v2\/comments?post=34245"}],"version-history":[{"count":1,"href":"https:\/\/sientetupasion.com\/index.php\/wp-json\/wp\/v2\/posts\/34245\/revisions"}],"predecessor-version":[{"id":34247,"href":"https:\/\/sientetupasion.com\/index.php\/wp-json\/wp\/v2\/posts\/34245\/revisions\/34247"}],"wp:featuredmedia":[{"embeddable":true,"href":"https:\/\/sientetupasion.com\/index.php\/wp-json\/wp\/v2\/media\/34246"}],"wp:attachment":[{"href":"https:\/\/sientetupasion.com\/index.php\/wp-json\/wp\/v2\/media?parent=34245"}],"wp:term":[{"taxonomy":"category","embeddable":true,"href":"https:\/\/sientetupasion.com\/index.php\/wp-json\/wp\/v2\/categories?post=34245"},{"taxonomy":"post_tag","embeddable":true,"href":"https:\/\/sientetupasion.com\/index.php\/wp-json\/wp\/v2\/tags?post=34245"}],"curies":[{"name":"wp","href":"https:\/\/api.w.org\/{rel}","templated":true}]}}