{"id":33996,"date":"2026-08-20T23:20:03","date_gmt":"2026-08-21T05:20:03","guid":{"rendered":"https:\/\/sientetupasion.com\/?p=33996"},"modified":"2026-08-20T23:20:03","modified_gmt":"2026-08-21T05:20:03","slug":"celebran-coronacion-de-corte-real-2026-en-casa-de-dia-amat-te-con-motivo-del-dia-de-la-abuela-y-el-abuelo","status":"publish","type":"post","link":"https:\/\/sientetupasion.com\/index.php\/2026\/08\/20\/celebran-coronacion-de-corte-real-2026-en-casa-de-dia-amat-te-con-motivo-del-dia-de-la-abuela-y-el-abuelo\/","title":{"rendered":"Celebran coronaci\u00f3n de Corte Real 2026 en Casa de D\u00eda AMAT-TE con motivo del D\u00eda de la Abuela y el Abuelo"},"content":{"rendered":"<p>\u25aa\ufe0f Las y los usuarios de esta estancia disfrutaron una jornada de convivencia junto con sus familiares, en la que hubo m\u00fasica en vivo, comida y baile<br \/>\n\u25aa\ufe0f La ceremonia fue encabezada por la Presidenta Honor\u00edfica del SEDIF, Sara Hern\u00e1ndez de Monreal, quien coron\u00f3 a Juanita Mu\u00f1oz como Reina 2026<\/p>\n<p>Zacatecas, Zac., 20 de agosto de 2026.- En el marco de las actividades conmemorativas del D\u00eda de la Abuela y el Abuelo, el Gobierno de Zacatecas, encabezado por el mandatario estatal David Monreal \u00c1vila, celebr\u00f3 la Coronaci\u00f3n de la Corte Real 2026 de la Casa de D\u00eda AMAT-TE, en un ambiente de alegr\u00eda, convivencia y reconocimiento a las personas adultas mayores.<\/p>\n<p>La ceremonia fue encabezada por la Presidenta Honor\u00edfica del Sistema Estatal para el Desarrollo Integral de la Familia (SEDIF), Sara Hern\u00e1ndez de Monreal, quien coron\u00f3 a Juanita Mu\u00f1oz como Reina 2026, acompa\u00f1ada por sus princesas Isabel Ortiz y Juanita Sol\u00eds.<\/p>\n<p>Durante el festejo, las y los usuarios de esta estancia disfrutaron de una jornada de convivencia junto con sus familiares, en la que hubo m\u00fasica en vivo, comida y baile, fortaleciendo los lazos de amistad y fraternidad entre quienes forman parte de esta comunidad.<\/p>\n<p>La se\u00f1ora Sara Hern\u00e1ndez de Monreal destac\u00f3 que las actividades dedicadas a las personas adultas mayores representan una oportunidad para rendir homenaje a quienes, a lo largo de toda su vida, se han dedicado a promover valores desde el hogar y a forjar familias que contribuyen al bienestar y desarrollo de Zacatecas.<\/p>\n<p>Se\u00f1al\u00f3 que, para el Gobernador David Monreal \u00c1vila, reconocer la experiencia, trayectoria y aportaciones de las personas adultas mayores es una prioridad, por lo que se impulsan espacios de convivencia que permitan brindarles bienestar, alegr\u00eda y una atenci\u00f3n digna.<\/p>\n<p>En el encuentro tambi\u00e9n estuvieron presentes el Secretario General de Gobierno, Rodrigo Reyes Mug\u00fcerza, y la Delegada de la Secretar\u00eda de Gobernaci\u00f3n del Gobierno de M\u00e9xico, Diana Saucedo Nava, quienes acompa\u00f1aron a las familias y usuarios de la Casa de D\u00eda AMAT-TE durante esta celebraci\u00f3n.<\/p>\n<p>Con estas acciones, el Gobierno de Zacatecas refrenda su compromiso de generar espacios de inclusi\u00f3n, convivencia y reconocimiento para las personas adultas mayores, como parte de la visi\u00f3n del A\u00f1o del Progreso, en el que el bienestar de las familias y el fortalecimiento de los valores son fundamentales para construir un Zacatecas con mejores oportunidades para todas y todos.<\/p>\n","protected":false},"excerpt":{"rendered":"<p>\u25aa\ufe0f Las y los usuarios de esta estancia disfrutaron una jornada de convivencia junto con sus familiares, en la que hubo m\u00fasica en vivo, comida y<span class=\"excerpt-hellip\"> [\u2026]<\/span><\/p>\n","protected":false},"author":2,"featured_media":33997,"comment_status":"open","ping_status":"open","sticky":false,"template":"","format":"standard","meta":{"footnotes":""},"categories":[16],"tags":[],"class_list":["post-33996","post","type-post","status-publish","format-standard","has-post-thumbnail","hentry","category-zacatecas"],"_links":{"self":[{"href":"https:\/\/sientetupasion.com\/index.php\/wp-json\/wp\/v2\/posts\/33996","targetHints":{"allow":["GET"]}}],"collection":[{"href":"https:\/\/sientetupasion.com\/index.php\/wp-json\/wp\/v2\/posts"}],"about":[{"href":"https:\/\/sientetupasion.com\/index.php\/wp-json\/wp\/v2\/types\/post"}],"author":[{"embeddable":true,"href":"https:\/\/sientetupasion.com\/index.php\/wp-json\/wp\/v2\/users\/2"}],"replies":[{"embeddable":true,"href":"https:\/\/sientetupasion.com\/index.php\/wp-json\/wp\/v2\/comments?post=33996"}],"version-history":[{"count":1,"href":"https:\/\/sientetupasion.com\/index.php\/wp-json\/wp\/v2\/posts\/33996\/revisions"}],"predecessor-version":[{"id":33998,"href":"https:\/\/sientetupasion.com\/index.php\/wp-json\/wp\/v2\/posts\/33996\/revisions\/33998"}],"wp:featuredmedia":[{"embeddable":true,"href":"https:\/\/sientetupasion.com\/index.php\/wp-json\/wp\/v2\/media\/33997"}],"wp:attachment":[{"href":"https:\/\/sientetupasion.com\/index.php\/wp-json\/wp\/v2\/media?parent=33996"}],"wp:term":[{"taxonomy":"category","embeddable":true,"href":"https:\/\/sientetupasion.com\/index.php\/wp-json\/wp\/v2\/categories?post=33996"},{"taxonomy":"post_tag","embeddable":true,"href":"https:\/\/sientetupasion.com\/index.php\/wp-json\/wp\/v2\/tags?post=33996"}],"curies":[{"name":"wp","href":"https:\/\/api.w.org\/{rel}","templated":true}]}}