{"id":33888,"date":"2026-08-19T21:53:15","date_gmt":"2026-08-20T03:53:15","guid":{"rendered":"https:\/\/sientetupasion.com\/?p=33888"},"modified":"2026-08-19T21:53:15","modified_gmt":"2026-08-20T03:53:15","slug":"presenta-gobernador-david-monreal-avila-plan-estrategico-de-seguridad-para-la-feria-nacional-de-fresnillo-2026","status":"publish","type":"post","link":"https:\/\/sientetupasion.com\/index.php\/2026\/08\/19\/presenta-gobernador-david-monreal-avila-plan-estrategico-de-seguridad-para-la-feria-nacional-de-fresnillo-2026\/","title":{"rendered":"Presenta Gobernador David Monreal \u00c1vila Plan Estrat\u00e9gico de Seguridad para la Feria Nacional de Fresnillo 2026"},"content":{"rendered":"<p>&nbsp;<\/p>\n<p>\u25aa\ufe0f M\u00e1s de 400 elementos de las distintas corporaciones de seguridad participar\u00e1n en el operativo, adem\u00e1s de m\u00e1s de 100 efectivos establecidos en las Unidades Regionales de Seguridad (Unirse) y el despliegue permanente en carreteras<br \/>\n\u25aa\ufe0f El dispositivo contar\u00e1 con cuatro cinturones de seguridad, con participaci\u00f3n coordinada del Ej\u00e9rcito Mexicano, Guardia Nacional, Polic\u00eda Estatal Preventiva, Polic\u00eda Metropolitana, Polic\u00eda Municipal y Polic\u00eda Vial, adem\u00e1s de drones, helic\u00f3pteros, binomios caninos y tecnolog\u00eda antidrones<br \/>\n\u25aa\ufe0f La Feria Nacional de Fresnillo se realizar\u00e1 del 21 de agosto al 2 de septiembre, en el marco del 472 aniversario de la fundaci\u00f3n de El Mineral; en 2025 registraron 310 mil 500 asistentes y para 2026 se prev\u00e9 una afluencia de hasta 50 mil personas en los eventos de mayor convocatoria<\/p>\n<p>Fresnillo, Zac., 19 de agosto de 2026.- Acompa\u00f1ado por integrantes de la Mesa de Construcci\u00f3n de Paz, el Gobernador David Monreal \u00c1vila present\u00f3 el Plan Estrat\u00e9gico de Seguridad para la Feria Nacional de Fresnillo (Fenafre) 2026, con el objetivo de garantizar la tranquilidad de las familias y visitantes durante estas festividades.<\/p>\n<p>En conferencia de prensa realizada en las instalaciones del 97\u00ba Batall\u00f3n de Infanter\u00eda, en Fresnillo, el mandatario estatal inform\u00f3 que el operativo se llevar\u00e1 a cabo, del 21 de agosto al 2 de septiembre, en el marco del aniversario 472 de la fundaci\u00f3n de El Mineral, y ser\u00e1 robustecido con respecto al a\u00f1o anterior.<\/p>\n<p>Acompa\u00f1ado por el Presidente Municipal de Fresnillo, Javier Torres Rodr\u00edguez; por el Secretario de Seguridad P\u00fablica, Arturo Medina Mayoral; y por el Secretario General de Gobierno, Rodrigo Reyes Mug\u00fcerza, el Gobernador David Monreal destac\u00f3 que estas acciones se deben a la elevada afluencia registrada en la edici\u00f3n 2025, cuando se contabilizaron 310 mil 500 asistentes.<\/p>\n<p>Subray\u00f3 que el objetivo es mantener el saldo blanco alcanzado durante la feria de 2025 y generar las condiciones necesarias para que las familias puedan disfrutar de las actividades culturales, deportivas, ganaderas y de entretenimiento que se tienen programadas durante estas festividades.<\/p>\n<p>Reforzamiento de las acciones operativas<\/p>\n<p>El Secretario de Seguridad P\u00fablica, Arturo Medina Mayoral, explic\u00f3 que el Plan Estrat\u00e9gico para la Feria Nacional de Fresnillo 2025 contempla cuatro cinturones de seguridad, uno m\u00e1s que en a\u00f1os anteriores, con la finalidad de ampliar la cobertura y capacidad de respuesta ante cualquier circunstancia que pudiera presentarse.<\/p>\n<p>Detall\u00f3 que el despliegue contar\u00e1 con m\u00e1s de 400 elementos de las diferentes corporaciones, como son Ej\u00e9rcito Mexicano, Guardia Nacional, Polic\u00edas Estatal Preventiva, Metropolitana, Municipal y de Seguridad Vial, adem\u00e1s de Protecci\u00f3n Civil tanto Estatal, de Fresnillo y otros municipios, en caso de requerirse.<\/p>\n<p>El primer cintur\u00f3n se concentrar\u00e1 en el recinto ferial, con equipos de proximidad integrados por elementos de la Guardia Nacional, Polic\u00eda Estatal, Polic\u00eda Metropolitana y Polic\u00eda Municipal, quienes realizar\u00e1n recorridos permanentes en accesos, salidas y diferentes \u00e1reas del per\u00edmetro.<\/p>\n<p>Tambi\u00e9n participar\u00e1n binomios caninos, motopatrullas, Polic\u00eda Vial y un puesto de mando operativo con personal de seguridad, Ministerios P\u00fablicos, servicios m\u00e9dicos y Protecci\u00f3n Civil tanto Estatal como Municipal.<\/p>\n<p>El segundo cintur\u00f3n abarcar\u00e1 los accesos y salidas del recinto ferial y estar\u00e1 dividido en cinco sectores, con participaci\u00f3n de corporaciones estatales, federales y municipales, as\u00ed como unidades motorizadas y drones para fortalecer la vigilancia.<\/p>\n","protected":false},"excerpt":{"rendered":"<p>&nbsp; \u25aa\ufe0f M\u00e1s de 400 elementos de las distintas corporaciones de seguridad participar\u00e1n en el operativo, adem\u00e1s de m\u00e1s de 100 efectivos establecidos en las Unidades<span class=\"excerpt-hellip\"> [\u2026]<\/span><\/p>\n","protected":false},"author":2,"featured_media":33889,"comment_status":"open","ping_status":"open","sticky":false,"template":"","format":"standard","meta":{"footnotes":""},"categories":[16],"tags":[],"class_list":["post-33888","post","type-post","status-publish","format-standard","has-post-thumbnail","hentry","category-zacatecas"],"_links":{"self":[{"href":"https:\/\/sientetupasion.com\/index.php\/wp-json\/wp\/v2\/posts\/33888","targetHints":{"allow":["GET"]}}],"collection":[{"href":"https:\/\/sientetupasion.com\/index.php\/wp-json\/wp\/v2\/posts"}],"about":[{"href":"https:\/\/sientetupasion.com\/index.php\/wp-json\/wp\/v2\/types\/post"}],"author":[{"embeddable":true,"href":"https:\/\/sientetupasion.com\/index.php\/wp-json\/wp\/v2\/users\/2"}],"replies":[{"embeddable":true,"href":"https:\/\/sientetupasion.com\/index.php\/wp-json\/wp\/v2\/comments?post=33888"}],"version-history":[{"count":1,"href":"https:\/\/sientetupasion.com\/index.php\/wp-json\/wp\/v2\/posts\/33888\/revisions"}],"predecessor-version":[{"id":33890,"href":"https:\/\/sientetupasion.com\/index.php\/wp-json\/wp\/v2\/posts\/33888\/revisions\/33890"}],"wp:featuredmedia":[{"embeddable":true,"href":"https:\/\/sientetupasion.com\/index.php\/wp-json\/wp\/v2\/media\/33889"}],"wp:attachment":[{"href":"https:\/\/sientetupasion.com\/index.php\/wp-json\/wp\/v2\/media?parent=33888"}],"wp:term":[{"taxonomy":"category","embeddable":true,"href":"https:\/\/sientetupasion.com\/index.php\/wp-json\/wp\/v2\/categories?post=33888"},{"taxonomy":"post_tag","embeddable":true,"href":"https:\/\/sientetupasion.com\/index.php\/wp-json\/wp\/v2\/tags?post=33888"}],"curies":[{"name":"wp","href":"https:\/\/api.w.org\/{rel}","templated":true}]}}