{"id":33882,"date":"2026-08-19T21:51:14","date_gmt":"2026-08-20T03:51:14","guid":{"rendered":"https:\/\/sientetupasion.com\/?p=33882"},"modified":"2026-08-19T21:51:14","modified_gmt":"2026-08-20T03:51:14","slug":"celebrara-zacatecas-el-jazz-y-el-blues-en-la-edicion-19-de-su-festival-internacional-2026","status":"publish","type":"post","link":"https:\/\/sientetupasion.com\/index.php\/2026\/08\/19\/celebrara-zacatecas-el-jazz-y-el-blues-en-la-edicion-19-de-su-festival-internacional-2026\/","title":{"rendered":"Celebrar\u00e1 Zacatecas el jazz y el blues en la edici\u00f3n 19 de su Festival Internacional 2026"},"content":{"rendered":"<p>&nbsp;<\/p>\n<p>\u25aa\ufe0f Del 26 al 29 de agosto de 2026, con cuatro jornadas de m\u00fasica, improvisaci\u00f3n y libertad, con la participaci\u00f3n de artistas de M\u00e9xico, Cuba y Estados Unidos<\/p>\n<p>Zacatecas, Zac., 19 de agosto de 2026.- Poseedor de una profunda tradici\u00f3n musical, Zacatecas llevar\u00e1 a cabo, del 26 al 29 de agosto, el 19 Festival Internacional de Jazz y Blues 2026, que reunir\u00e1 a destacados exponentes de estos g\u00e9neros, provenientes de Cuba, M\u00e9xico y Estados Unidos, en emblem\u00e1ticos escenarios de la capital, en una celebraci\u00f3n que tiene en la improvisaci\u00f3n, la expresi\u00f3n y la libertad algunas de sus mayores riquezas.<\/p>\n<p>Con esta edici\u00f3n, que se realiza en el marco del Agenda del Progreso, impulsada por el Gobernador David Monreal \u00c1vila, por medio del Instituto Zacatecano de Cultura (IZC) \u201cRam\u00f3n L\u00f3pez Velarde\u201d, da continuidad a un proyecto que durante casi dos d\u00e9cadas ha contribuido a fortalecer la presencia del jazz y el blues en la programaci\u00f3n cultural de la entidad.<\/p>\n<p>El 19 Festival Internacional de Jazz y Blues 2026 contar\u00e1 con la participaci\u00f3n de artistas locales, nacionales e internacionales y habr\u00e1 de extender una vez m\u00e1s su sede habitual: la Sala Mayor del Museo de Arte Abstracto \u201cManuel Felgu\u00e9rez\u201d, a plazas, calles y distintos espacios de la ciudad.<\/p>\n<p>La jornada inaugural, el mi\u00e9rcoles 26 de agosto, comenzar\u00e1 en la Sala Mayor del Museo \u201cManuel Felgu\u00e9rez\u201d con APZU, seguido de Vocumeri Jazz y Fonseca &#8211; Caja de Pandora, de Monterrey.<\/p>\n<p>En el Centro Cultural Ciudadela del Arte se presentar\u00e1n Francisco D\u00e1vila Sextet y QU Jazz, de presencia universitaria de la UAZ, mientras que el jueves 27 llegar\u00e1 al escenario principal el jazz cubano de Ernesto Oliva, junto con Carlos Mac\u00edas Cervantes &#8211; Simbiosis, de Ciudad de M\u00e9xico y Zacatecas, y M\u00f3nica Zuloaga Quintet, agrupaci\u00f3n con integrantes de Guadalajara y La Paz.<\/p>\n<p>La B\u00f3veda I del Centro Cultural Ciudadela del Arte recibir\u00e1 a Sentli Anawa y Luis Herrera Alvarado, ambos de Zacatecas, en tanto que el viernes 28, la programaci\u00f3n continuar\u00e1 con Zitrus Jazz, Evelyn Rubio &amp; La Rambla, representantes del blues entre Estados Unidos y M\u00e9xico, y Carla Denise Ramsey &amp; La Rambla.<\/p>\n<p>La jornada de cierre en la Sala Mayor, el s\u00e1bado 29, contar\u00e1 con The Lighthouse, de Zacatecas; Arista 5 &amp; Luis Humberto Ramos, de Ciudad de M\u00e9xico y Zacatecas; y Osmany Paredes Quartet, con una propuesta que enlaza el talento de Cuba y M\u00e9xico.<\/p>\n<p>Uno de los rasgos distintivos de esta edici\u00f3n ser\u00e1 la Cuarta Jornada de Jazz y Blues en la Calle, que se realizar\u00e1 los d\u00edas 28 y 29 de agosto, en distintos puntos del Centro Hist\u00f3rico de Zacatecas.<\/p>\n<p>La Plazuela Genaro Codina recibir\u00e1 a Mr. Blues, APZU y Camale\u00f3n Soul, con propuestas que van del blues al jazz, funk y fusi\u00f3n; asimismo, frente al Museo Zacatecano, en la calle Dr. Ignacio Hierro, se presentar\u00e1n Lodo, con rock &amp; blues; Los Hijos de la Viuda, con una propuesta de blues, y la agrupaci\u00f3n Moan Blues.<\/p>\n<p>La programaci\u00f3n tambi\u00e9n llegar\u00e1 a Mi Dal\u00ed Caf\u00e9 Bar, ubicado en la avenida Tacuba de la capital zacatecana, donde, a partir de las 21:00 horas, se ofrecer\u00e1 una presentaci\u00f3n diaria con alineaciones como Camaleon Soul, Ernesto Salda\u00f1a, Ernesto Oliva, de Cuba, y Mr. Blues.<\/p>\n<p>De manera alterna y en el marco de la Feria Nacional del Libro Zacatecas, el jueves 27, a las 20:00 horas, la Plaza de Armas ser\u00e1 escenario del recital de coro y swing \u201cJazzVox\u201d, a cargo del Ensamble Coral Voces del Alma, de Zacatecas.<\/p>\n<p>El Festival tendr\u00e1 una actividad especial para residentes de la Casa Hogar para J\u00f3venes del Sistema Estatal DIF, con la participaci\u00f3n del m\u00fasico cubano Ernesto Oliva, en una acci\u00f3n que busca extender el esp\u00edritu del festival a espacios de atenci\u00f3n y convivencia social.<\/p>\n","protected":false},"excerpt":{"rendered":"<p>&nbsp; \u25aa\ufe0f Del 26 al 29 de agosto de 2026, con cuatro jornadas de m\u00fasica, improvisaci\u00f3n y libertad, con la participaci\u00f3n de artistas de M\u00e9xico, Cuba<span class=\"excerpt-hellip\"> [\u2026]<\/span><\/p>\n","protected":false},"author":2,"featured_media":33883,"comment_status":"open","ping_status":"open","sticky":false,"template":"","format":"standard","meta":{"footnotes":""},"categories":[16],"tags":[],"class_list":["post-33882","post","type-post","status-publish","format-standard","has-post-thumbnail","hentry","category-zacatecas"],"_links":{"self":[{"href":"https:\/\/sientetupasion.com\/index.php\/wp-json\/wp\/v2\/posts\/33882","targetHints":{"allow":["GET"]}}],"collection":[{"href":"https:\/\/sientetupasion.com\/index.php\/wp-json\/wp\/v2\/posts"}],"about":[{"href":"https:\/\/sientetupasion.com\/index.php\/wp-json\/wp\/v2\/types\/post"}],"author":[{"embeddable":true,"href":"https:\/\/sientetupasion.com\/index.php\/wp-json\/wp\/v2\/users\/2"}],"replies":[{"embeddable":true,"href":"https:\/\/sientetupasion.com\/index.php\/wp-json\/wp\/v2\/comments?post=33882"}],"version-history":[{"count":1,"href":"https:\/\/sientetupasion.com\/index.php\/wp-json\/wp\/v2\/posts\/33882\/revisions"}],"predecessor-version":[{"id":33884,"href":"https:\/\/sientetupasion.com\/index.php\/wp-json\/wp\/v2\/posts\/33882\/revisions\/33884"}],"wp:featuredmedia":[{"embeddable":true,"href":"https:\/\/sientetupasion.com\/index.php\/wp-json\/wp\/v2\/media\/33883"}],"wp:attachment":[{"href":"https:\/\/sientetupasion.com\/index.php\/wp-json\/wp\/v2\/media?parent=33882"}],"wp:term":[{"taxonomy":"category","embeddable":true,"href":"https:\/\/sientetupasion.com\/index.php\/wp-json\/wp\/v2\/categories?post=33882"},{"taxonomy":"post_tag","embeddable":true,"href":"https:\/\/sientetupasion.com\/index.php\/wp-json\/wp\/v2\/tags?post=33882"}],"curies":[{"name":"wp","href":"https:\/\/api.w.org\/{rel}","templated":true}]}}