{"id":33837,"date":"2026-08-19T20:37:55","date_gmt":"2026-08-20T02:37:55","guid":{"rendered":"https:\/\/sientetupasion.com\/?p=33837"},"modified":"2026-08-19T20:37:55","modified_gmt":"2026-08-20T02:37:55","slug":"miguel-murillo-reconoce-y-celebra-a-trabajadores-del-ayuntamiento-que-cumplen-anos-en-agosto","status":"publish","type":"post","link":"https:\/\/sientetupasion.com\/index.php\/2026\/08\/19\/miguel-murillo-reconoce-y-celebra-a-trabajadores-del-ayuntamiento-que-cumplen-anos-en-agosto\/","title":{"rendered":"Miguel Murillo reconoce y celebra a trabajadores del Ayuntamiento que cumplen a\u00f1os en agosto"},"content":{"rendered":"<h1><\/h1>\n<p class=\"isSelectedEnd\"><strong>Calera, Zacatecas.<\/strong>\u2013 El presidente municipal de Calera, <strong>Profe Miguel Murillo<\/strong>, comparti\u00f3 un momento de convivencia con las y los trabajadores que forman parte de la Administraci\u00f3n Municipal 2024-2027 y que celebran su cumplea\u00f1os durante el mes de agosto.<\/p>\n<p class=\"isSelectedEnd\">En un ambiente de compa\u00f1erismo, el alcalde reconoci\u00f3 la labor que diariamente desempe\u00f1an las y los integrantes del Ayuntamiento, destacando que su trabajo, compromiso y dedicaci\u00f3n son fundamentales para continuar brindando atenci\u00f3n y servicios a la ciudadan\u00eda.<\/p>\n<p class=\"isSelectedEnd\">Miguel Murillo se\u00f1al\u00f3 que, adem\u00e1s de las responsabilidades que implica formar parte de la administraci\u00f3n p\u00fablica, es importante generar espacios de convivencia que fortalezcan los lazos entre quienes integran el equipo de trabajo municipal.<\/p>\n<p class=\"isSelectedEnd\">Durante el encuentro, el presidente municipal felicit\u00f3 a las y los cumplea\u00f1eros de agosto y les expres\u00f3 su reconocimiento por la aportaci\u00f3n que realizan desde sus distintas \u00e1reas para contribuir al desarrollo y bienestar de Calera.<\/p>\n<p class=\"isSelectedEnd\">\u201cEs un gusto convivir y reconocer a quienes, con su trabajo, compromiso y dedicaci\u00f3n diaria, contribuyen a seguir construyendo un mejor Calera\u201d, destac\u00f3 el alcalde.<\/p>\n<p>Finalmente, Miguel Murillo extendi\u00f3 una felicitaci\u00f3n a todas y todos los trabajadores que celebran su cumplea\u00f1os durante este mes, dese\u00e1ndoles salud, bienestar y \u00e9xito tanto en su vida personal como en sus actividades dentro de la Administraci\u00f3n Municipal.<\/p>\n","protected":false},"excerpt":{"rendered":"<p>Calera, Zacatecas.\u2013 El presidente municipal de Calera, Profe Miguel Murillo, comparti\u00f3 un momento de convivencia con las y los trabajadores que forman parte de la Administraci\u00f3n<span class=\"excerpt-hellip\"> [\u2026]<\/span><\/p>\n","protected":false},"author":2,"featured_media":33838,"comment_status":"open","ping_status":"open","sticky":false,"template":"","format":"standard","meta":{"footnotes":""},"categories":[24],"tags":[],"class_list":["post-33837","post","type-post","status-publish","format-standard","has-post-thumbnail","hentry","category-calera"],"_links":{"self":[{"href":"https:\/\/sientetupasion.com\/index.php\/wp-json\/wp\/v2\/posts\/33837","targetHints":{"allow":["GET"]}}],"collection":[{"href":"https:\/\/sientetupasion.com\/index.php\/wp-json\/wp\/v2\/posts"}],"about":[{"href":"https:\/\/sientetupasion.com\/index.php\/wp-json\/wp\/v2\/types\/post"}],"author":[{"embeddable":true,"href":"https:\/\/sientetupasion.com\/index.php\/wp-json\/wp\/v2\/users\/2"}],"replies":[{"embeddable":true,"href":"https:\/\/sientetupasion.com\/index.php\/wp-json\/wp\/v2\/comments?post=33837"}],"version-history":[{"count":1,"href":"https:\/\/sientetupasion.com\/index.php\/wp-json\/wp\/v2\/posts\/33837\/revisions"}],"predecessor-version":[{"id":33839,"href":"https:\/\/sientetupasion.com\/index.php\/wp-json\/wp\/v2\/posts\/33837\/revisions\/33839"}],"wp:featuredmedia":[{"embeddable":true,"href":"https:\/\/sientetupasion.com\/index.php\/wp-json\/wp\/v2\/media\/33838"}],"wp:attachment":[{"href":"https:\/\/sientetupasion.com\/index.php\/wp-json\/wp\/v2\/media?parent=33837"}],"wp:term":[{"taxonomy":"category","embeddable":true,"href":"https:\/\/sientetupasion.com\/index.php\/wp-json\/wp\/v2\/categories?post=33837"},{"taxonomy":"post_tag","embeddable":true,"href":"https:\/\/sientetupasion.com\/index.php\/wp-json\/wp\/v2\/tags?post=33837"}],"curies":[{"name":"wp","href":"https:\/\/api.w.org\/{rel}","templated":true}]}}