{"id":33834,"date":"2026-08-19T20:35:24","date_gmt":"2026-08-20T02:35:24","guid":{"rendered":"https:\/\/sientetupasion.com\/?p=33834"},"modified":"2026-08-19T20:35:24","modified_gmt":"2026-08-20T02:35:24","slug":"calera-entrega-rehabilitada-su-unidad-deportiva-recuperan-espacio-para-las-familias","status":"publish","type":"post","link":"https:\/\/sientetupasion.com\/index.php\/2026\/08\/19\/calera-entrega-rehabilitada-su-unidad-deportiva-recuperan-espacio-para-las-familias\/","title":{"rendered":"Calera entrega rehabilitada su Unidad Deportiva; recuperan espacio para las familias"},"content":{"rendered":"<h1><\/h1>\n<p class=\"isSelectedEnd\"><strong>Calera, Zacatecas.<\/strong>\u2013 El Ayuntamiento de Calera 2024-2027, encabezado por el presidente municipal, <strong>Profe Miguel Murillo<\/strong>, realiz\u00f3 la entrega formal de los trabajos de rehabilitaci\u00f3n de la Unidad Deportiva del municipio, con lo que se recupera un importante espacio destinado a la convivencia, el deporte y la recreaci\u00f3n de las familias calerenses.<\/p>\n<p class=\"isSelectedEnd\">Durante la entrega se reconoci\u00f3 el trabajo conjunto de las distintas \u00e1reas de la Administraci\u00f3n Municipal, as\u00ed como la participaci\u00f3n de voluntarias y voluntarios que aportaron tiempo, esfuerzo y voluntad para hacer posible la recuperaci\u00f3n de este espacio.<\/p>\n<p class=\"isSelectedEnd\">La Unidad Deportiva representa un punto de encuentro para ni\u00f1as, ni\u00f1os, j\u00f3venes y familias, quienes diariamente utilizan sus instalaciones para practicar actividades deportivas, convivir y disfrutar de momentos de esparcimiento.<\/p>\n<p class=\"isSelectedEnd\">Con los trabajos de rehabilitaci\u00f3n, este espacio presenta mejores condiciones para continuar brindando servicio a la poblaci\u00f3n y fortalecerse como uno de los principales lugares de convivencia comunitaria de Calera.<\/p>\n<p class=\"isSelectedEnd\">El Gobierno Municipal destac\u00f3 que la recuperaci\u00f3n de la Unidad Deportiva es resultado del trabajo coordinado y del compromiso por mejorar los espacios p\u00fablicos en beneficio de la ciudadan\u00eda.<\/p>\n<p class=\"isSelectedEnd\">Finalmente, se hizo un llamado a las y los calerenses a cuidar las instalaciones, mantenerlas en buenas condiciones y hacer un uso responsable de ellas, recordando que se trata de un espacio que pertenece a toda la comunidad.<\/p>\n<p><strong>\u201cRecuperar nuestros espacios es tarea de todos; cuidarlos y disfrutarlos responsablemente tambi\u00e9n.\u201d<\/strong><\/p>\n","protected":false},"excerpt":{"rendered":"<p>Calera, Zacatecas.\u2013 El Ayuntamiento de Calera 2024-2027, encabezado por el presidente municipal, Profe Miguel Murillo, realiz\u00f3 la entrega formal de los trabajos de rehabilitaci\u00f3n de la<span class=\"excerpt-hellip\"> [\u2026]<\/span><\/p>\n","protected":false},"author":2,"featured_media":33835,"comment_status":"open","ping_status":"open","sticky":false,"template":"","format":"standard","meta":{"footnotes":""},"categories":[24],"tags":[],"class_list":["post-33834","post","type-post","status-publish","format-standard","has-post-thumbnail","hentry","category-calera"],"_links":{"self":[{"href":"https:\/\/sientetupasion.com\/index.php\/wp-json\/wp\/v2\/posts\/33834","targetHints":{"allow":["GET"]}}],"collection":[{"href":"https:\/\/sientetupasion.com\/index.php\/wp-json\/wp\/v2\/posts"}],"about":[{"href":"https:\/\/sientetupasion.com\/index.php\/wp-json\/wp\/v2\/types\/post"}],"author":[{"embeddable":true,"href":"https:\/\/sientetupasion.com\/index.php\/wp-json\/wp\/v2\/users\/2"}],"replies":[{"embeddable":true,"href":"https:\/\/sientetupasion.com\/index.php\/wp-json\/wp\/v2\/comments?post=33834"}],"version-history":[{"count":1,"href":"https:\/\/sientetupasion.com\/index.php\/wp-json\/wp\/v2\/posts\/33834\/revisions"}],"predecessor-version":[{"id":33836,"href":"https:\/\/sientetupasion.com\/index.php\/wp-json\/wp\/v2\/posts\/33834\/revisions\/33836"}],"wp:featuredmedia":[{"embeddable":true,"href":"https:\/\/sientetupasion.com\/index.php\/wp-json\/wp\/v2\/media\/33835"}],"wp:attachment":[{"href":"https:\/\/sientetupasion.com\/index.php\/wp-json\/wp\/v2\/media?parent=33834"}],"wp:term":[{"taxonomy":"category","embeddable":true,"href":"https:\/\/sientetupasion.com\/index.php\/wp-json\/wp\/v2\/categories?post=33834"},{"taxonomy":"post_tag","embeddable":true,"href":"https:\/\/sientetupasion.com\/index.php\/wp-json\/wp\/v2\/tags?post=33834"}],"curies":[{"name":"wp","href":"https:\/\/api.w.org\/{rel}","templated":true}]}}