{"id":33831,"date":"2026-08-19T12:34:56","date_gmt":"2026-08-19T18:34:56","guid":{"rendered":"https:\/\/sientetupasion.com\/?p=33831"},"modified":"2026-08-19T12:34:56","modified_gmt":"2026-08-19T18:34:56","slug":"gobierno-estatal-mantiene-en-optimas-condiciones-la-via-alterna","status":"publish","type":"post","link":"https:\/\/sientetupasion.com\/index.php\/2026\/08\/19\/gobierno-estatal-mantiene-en-optimas-condiciones-la-via-alterna\/","title":{"rendered":"GOBIERNO ESTATAL MANTIENE EN \u00d3PTIMAS CONDICIONES LA V\u00cdA ALTERNA"},"content":{"rendered":"<p>&nbsp;<\/p>\n<p>* La JEC realiza conservaci\u00f3n permanente en los primeros cinco kil\u00f3metros para garantizar traslados seguros y mejorar la movilidad hacia la zona industrial.<\/p>\n<p>El Gobierno del Estado mantiene trabajos permanentes de conservaci\u00f3n en los primeros cinco kil\u00f3metros de la V\u00eda Alterna, vialidad estrat\u00e9gica que conecta con el Eje 122 de la zona industrial y contribuye a disminuir la carga vehicular de la carretera federal 57.<\/p>\n<p>Por instrucci\u00f3n del Gobernador Ricardo Gallardo Cardona, cuadrillas de la Junta Estatal de Caminos (JEC) realizan labores de desmonte, chapoleo y limpieza de laterales para mantener condiciones adecuadas de circulaci\u00f3n y prevenir riesgos para quienes diariamente utilizan esta ruta.<\/p>\n<p>El titular de la JEC, Francisco Reyes Novelo, inform\u00f3 que estas acciones se realizan de manera permanente, particularmente ante el incremento del flujo vehicular hacia los centros laborales de la zona industrial.<\/p>\n<p>La V\u00eda Alterna forma parte de los proyectos estrat\u00e9gicos de movilidad del Gobierno Estatal y se contempla su ampliaci\u00f3n hasta el Eje 140, lo que permitir\u00e1 disponer de una nueva conexi\u00f3n para miles de trabajadoras, trabajadores y empresas.<\/p>\n","protected":false},"excerpt":{"rendered":"<p>&nbsp; * La JEC realiza conservaci\u00f3n permanente en los primeros cinco kil\u00f3metros para garantizar traslados seguros y mejorar la movilidad hacia la zona industrial. El Gobierno<span class=\"excerpt-hellip\"> [\u2026]<\/span><\/p>\n","protected":false},"author":2,"featured_media":33832,"comment_status":"open","ping_status":"open","sticky":false,"template":"","format":"standard","meta":{"footnotes":""},"categories":[17],"tags":[],"class_list":["post-33831","post","type-post","status-publish","format-standard","has-post-thumbnail","hentry","category-san-luis"],"_links":{"self":[{"href":"https:\/\/sientetupasion.com\/index.php\/wp-json\/wp\/v2\/posts\/33831","targetHints":{"allow":["GET"]}}],"collection":[{"href":"https:\/\/sientetupasion.com\/index.php\/wp-json\/wp\/v2\/posts"}],"about":[{"href":"https:\/\/sientetupasion.com\/index.php\/wp-json\/wp\/v2\/types\/post"}],"author":[{"embeddable":true,"href":"https:\/\/sientetupasion.com\/index.php\/wp-json\/wp\/v2\/users\/2"}],"replies":[{"embeddable":true,"href":"https:\/\/sientetupasion.com\/index.php\/wp-json\/wp\/v2\/comments?post=33831"}],"version-history":[{"count":1,"href":"https:\/\/sientetupasion.com\/index.php\/wp-json\/wp\/v2\/posts\/33831\/revisions"}],"predecessor-version":[{"id":33833,"href":"https:\/\/sientetupasion.com\/index.php\/wp-json\/wp\/v2\/posts\/33831\/revisions\/33833"}],"wp:featuredmedia":[{"embeddable":true,"href":"https:\/\/sientetupasion.com\/index.php\/wp-json\/wp\/v2\/media\/33832"}],"wp:attachment":[{"href":"https:\/\/sientetupasion.com\/index.php\/wp-json\/wp\/v2\/media?parent=33831"}],"wp:term":[{"taxonomy":"category","embeddable":true,"href":"https:\/\/sientetupasion.com\/index.php\/wp-json\/wp\/v2\/categories?post=33831"},{"taxonomy":"post_tag","embeddable":true,"href":"https:\/\/sientetupasion.com\/index.php\/wp-json\/wp\/v2\/tags?post=33831"}],"curies":[{"name":"wp","href":"https:\/\/api.w.org\/{rel}","templated":true}]}}