{"id":33765,"date":"2026-08-18T20:36:37","date_gmt":"2026-08-19T02:36:37","guid":{"rendered":"https:\/\/sientetupasion.com\/?p=33765"},"modified":"2026-08-18T20:36:37","modified_gmt":"2026-08-19T02:36:37","slug":"renata-avila-destaca-trabajo-legislativo-y-dialogo-con-sectores-durante-cierre-del-periodo-extraordinario","status":"publish","type":"post","link":"https:\/\/sientetupasion.com\/index.php\/2026\/08\/18\/renata-avila-destaca-trabajo-legislativo-y-dialogo-con-sectores-durante-cierre-del-periodo-extraordinario\/","title":{"rendered":"Renata \u00c1vila destaca trabajo legislativo y di\u00e1logo con sectores durante cierre del periodo extraordinario"},"content":{"rendered":"<div class=\"flex max-w-full flex-col gap-4 grow\">\n<div class=\"min-h-8 text-message relative flex w-full flex-col items-end gap-2 text-start break-words whitespace-normal outline-none keyboard-focused:focus-ring [.text-message+&amp;]:mt-1\" dir=\"auto\" tabindex=\"0\" data-message-author-role=\"assistant\" data-message-id=\"c57531ab-b234-439b-a399-d91fb74a797b\" data-message-model-slug=\"gpt-5-6\" data-turn-start-message=\"true\">\n<div class=\"flex w-full flex-col gap-1 empty:hidden\">\n<div class=\"markdown prose dark:prose-invert wrap-break-word w-full dark markdown-new-styling\">\n<h1 class=\"PDq2pG_selectionAnchorContainer\" data-section-id=\"6iq1h2\" data-start=\"0\" data-end=\"107\"><\/h1>\n<p data-start=\"109\" data-end=\"492\"><strong data-start=\"109\" data-end=\"129\">Zacatecas, Zac.\u2014<\/strong> Con una agenda marcada por el trabajo legislativo, el di\u00e1logo con distintos sectores de la sociedad y la toma de protesta de una nueva funcionaria de fiscalizaci\u00f3n, la diputada local <strong data-start=\"313\" data-end=\"346\">Renata Libertad \u00c1vila Valadez<\/strong> particip\u00f3 en la conclusi\u00f3n del <strong data-start=\"378\" data-end=\"491\">Noveno Periodo Extraordinario de Sesiones de la LXV Legislatura del Poder Legislativo del Estado de Zacatecas<\/strong>.<\/p>\n<p data-start=\"494\" data-end=\"733\">A trav\u00e9s de sus redes sociales, la legisladora se\u00f1al\u00f3 que este periodo represent\u00f3 una etapa de intenso trabajo, pero tambi\u00e9n de acercamiento con diversos sectores de la entidad para conocer de primera mano sus necesidades y preocupaciones.<\/p>\n<p data-start=\"735\" data-end=\"958\">Como integrante de la <strong data-start=\"757\" data-end=\"778\">Comisi\u00f3n de Salud<\/strong>, \u00c1vila destac\u00f3 la aprobaci\u00f3n del <strong data-start=\"812\" data-end=\"845\">Programa de Trabajo 2026-2027<\/strong>, documento con el que se establece la ruta de trabajo de la comisi\u00f3n para el nuevo a\u00f1o de ejercicio legislativo.<\/p>\n<p data-start=\"960\" data-end=\"1188\">La diputada explic\u00f3 que uno de los principales retos ser\u00e1 atender los desaf\u00edos derivados de la <strong data-start=\"1055\" data-end=\"1087\">transici\u00f3n al IMSS-Bienestar<\/strong>, adem\u00e1s de avanzar en la actualizaci\u00f3n y armonizaci\u00f3n de la legislaci\u00f3n estatal en materia de salud.<\/p>\n<p data-start=\"1190\" data-end=\"1587\">Durante la jornada legislativa, tambi\u00e9n se recibi\u00f3 en el Congreso a productoras y productores de riego, quienes acudieron para hacer visibles las problem\u00e1ticas que enfrenta el sector agr\u00edcola. Al respecto, Renata \u00c1vila subray\u00f3 que escuchar directamente a quienes viven las necesidades del estado constituye una parte fundamental de la responsabilidad de quienes ejercen una representaci\u00f3n popular.<\/p>\n<p data-start=\"1589\" data-end=\"1776\">Asimismo, durante una <strong data-start=\"1611\" data-end=\"1629\">Sesi\u00f3n Solemne<\/strong>, se tom\u00f3 protesta a <strong data-start=\"1650\" data-end=\"1691\">Ang\u00e9lica del Roc\u00edo Escobedo Dom\u00ednguez<\/strong> como <strong data-start=\"1697\" data-end=\"1775\">Auditora Especial B de la Auditor\u00eda Superior del Estado de Zacatecas (ASE)<\/strong>.<\/p>\n<p data-start=\"1778\" data-end=\"2160\">Adem\u00e1s de compartir los principales acontecimientos de la jornada legislativa, la diputada mostr\u00f3 una faceta personal al informar que comenz\u00f3 la lectura del libro <em data-start=\"1941\" data-end=\"1985\">Mafias. De los yakuza al c\u00e1rtel de Sinaloa<\/em>, del historiador Ryan Gingeras, obra que aborda el surgimiento y evoluci\u00f3n del crimen organizado y su relaci\u00f3n con los Estados, las econom\u00edas y las sociedades contempor\u00e1neas.<\/p>\n<p data-start=\"2162\" data-end=\"2389\" data-is-last-node=\"\" data-is-only-node=\"\">De esta manera, Renata \u00c1vila cerr\u00f3 el periodo extraordinario destacando la importancia de combinar el <strong data-start=\"2264\" data-end=\"2333\">trabajo legislativo, el di\u00e1logo ciudadano y la formaci\u00f3n personal<\/strong>, como parte de su actividad como representante popular.<\/p>\n<\/div>\n<\/div>\n<\/div>\n<\/div>\n<div class=\"z-0 flex min-h-[46px] justify-start\"><\/div>\n<div class=\"mt-6\">\n<div class=\"flex flex-col items-center gap-3 px-4 pb-1 text-center\">\n<div class=\"text-token-text-secondary text-sm leading-5 [text-wrap:pretty]\"><\/div>\n<\/div>\n<\/div>\n","protected":false},"excerpt":{"rendered":"<p>Zacatecas, Zac.\u2014 Con una agenda marcada por el trabajo legislativo, el di\u00e1logo con distintos sectores de la sociedad y la toma de protesta de una nueva<span class=\"excerpt-hellip\"> [\u2026]<\/span><\/p>\n","protected":false},"author":2,"featured_media":33766,"comment_status":"open","ping_status":"open","sticky":false,"template":"","format":"standard","meta":{"footnotes":""},"categories":[8],"tags":[],"class_list":["post-33765","post","type-post","status-publish","format-standard","has-post-thumbnail","hentry","category-politica"],"_links":{"self":[{"href":"https:\/\/sientetupasion.com\/index.php\/wp-json\/wp\/v2\/posts\/33765","targetHints":{"allow":["GET"]}}],"collection":[{"href":"https:\/\/sientetupasion.com\/index.php\/wp-json\/wp\/v2\/posts"}],"about":[{"href":"https:\/\/sientetupasion.com\/index.php\/wp-json\/wp\/v2\/types\/post"}],"author":[{"embeddable":true,"href":"https:\/\/sientetupasion.com\/index.php\/wp-json\/wp\/v2\/users\/2"}],"replies":[{"embeddable":true,"href":"https:\/\/sientetupasion.com\/index.php\/wp-json\/wp\/v2\/comments?post=33765"}],"version-history":[{"count":1,"href":"https:\/\/sientetupasion.com\/index.php\/wp-json\/wp\/v2\/posts\/33765\/revisions"}],"predecessor-version":[{"id":33767,"href":"https:\/\/sientetupasion.com\/index.php\/wp-json\/wp\/v2\/posts\/33765\/revisions\/33767"}],"wp:featuredmedia":[{"embeddable":true,"href":"https:\/\/sientetupasion.com\/index.php\/wp-json\/wp\/v2\/media\/33766"}],"wp:attachment":[{"href":"https:\/\/sientetupasion.com\/index.php\/wp-json\/wp\/v2\/media?parent=33765"}],"wp:term":[{"taxonomy":"category","embeddable":true,"href":"https:\/\/sientetupasion.com\/index.php\/wp-json\/wp\/v2\/categories?post=33765"},{"taxonomy":"post_tag","embeddable":true,"href":"https:\/\/sientetupasion.com\/index.php\/wp-json\/wp\/v2\/tags?post=33765"}],"curies":[{"name":"wp","href":"https:\/\/api.w.org\/{rel}","templated":true}]}}