{"id":33722,"date":"2026-08-18T18:21:43","date_gmt":"2026-08-19T00:21:43","guid":{"rendered":"https:\/\/sientetupasion.com\/?p=33722"},"modified":"2026-08-18T18:21:43","modified_gmt":"2026-08-19T00:21:43","slug":"defender-el-bienestar-de-fresnillo-es-defender-la-soberania-nacional-vero-diaz","status":"publish","type":"post","link":"https:\/\/sientetupasion.com\/index.php\/2026\/08\/18\/defender-el-bienestar-de-fresnillo-es-defender-la-soberania-nacional-vero-diaz\/","title":{"rendered":"Defender el bienestar de Fresnillo es defender la soberan\u00eda nacional: Vero D\u00edaz"},"content":{"rendered":"<p>&nbsp;<\/p>\n<p>Durante una asamblea informativa realizada en la colonia Francisco Villa, en el municipio de Fresnillo, Vero D\u00edaz afirm\u00f3 que la principal causa de la Cuarta Transformaci\u00f3n es el bienestar del pueblo y destac\u00f3 que en Fresnillo la mayor inversi\u00f3n de recursos p\u00fablicos se destina a garantizar los derechos sociales de quienes m\u00e1s lo necesitan.<\/p>\n<p>Ante vecinas, vecinos y militantes de Morena, se\u00f1al\u00f3 que m\u00e1s de 79 mil familias fresnillenses reciben al menos uno de los Programas para el Bienestar, entre ellos las pensiones para personas adultas mayores y con discapacidad, las becas para estudiantes, la Pensi\u00f3n Mujeres Bienestar y los apoyos dirigidos al campo y a las juventudes.<\/p>\n<p>\u201cHoy los recursos p\u00fablicos regresan al pueblo convertidos en derechos. Defender las pensiones, las becas y los apoyos sociales es defender la justicia social y evitar que alguien vuelva a tratarlos como privilegios o mercanc\u00edas electorales\u201d, sostuvo.<\/p>\n<p>Vero D\u00edaz indic\u00f3 que los avances alcanzados desde 2018 son resultado de una nueva forma de gobernar, iniciada por el expresidente Andr\u00e9s Manuel L\u00f3pez Obrador y continuada por la presidenta Claudia Sheinbaum Pardo, bajo el principio de que, por el bien de todos, primero los pobres.<\/p>\n<p>La fundadora de Morena advirti\u00f3 que la defensa de los derechos sociales est\u00e1 estrechamente vinculada con la defensa de la soberan\u00eda nacional, pues \u00fanicamente un pa\u00eds libre puede decidir c\u00f3mo utilizar sus recursos y conducir su propio proceso de transformaci\u00f3n.<\/p>\n<p>Destac\u00f3 que la presidenta Claudia Sheinbaum ha defendido con dignidad la soberan\u00eda de M\u00e9xico frente a las presiones que pretenden condicionar las decisiones nacionales. \u201cM\u00e9xico coopera y dialoga con todas las naciones, pero no acepta \u00f3rdenes ni tutelas del extranjero. Las decisiones de nuestro pa\u00eds corresponden exclusivamente al pueblo de M\u00e9xico\u201d, expres\u00f3.<\/p>\n<p>Vero D\u00edaz sostuvo que el asunto de fondo es el derecho de las mexicanas y los mexicanos a resolver sus asuntos mediante sus propias instituciones y a continuar construyendo un modelo que coloque en el centro el bienestar colectivo.<\/p>\n<p>Finalmente, llam\u00f3 a las y los habitantes de Fresnillo a mantenerse informados, unidos y organizados para defender las conquistas sociales de la Transformaci\u00f3n.<\/p>\n<p>\u201cEn la colonia Francisco Villa reafirmamos que la patria se ama y se defiende. Defender la soberan\u00eda nacional es defender el bienestar, la dignidad y el futuro de nuestras familias\u201d, concluy\u00f3.<\/p>\n","protected":false},"excerpt":{"rendered":"<p>&nbsp; Durante una asamblea informativa realizada en la colonia Francisco Villa, en el municipio de Fresnillo, Vero D\u00edaz afirm\u00f3 que la principal causa de la Cuarta<span class=\"excerpt-hellip\"> [\u2026]<\/span><\/p>\n","protected":false},"author":2,"featured_media":33723,"comment_status":"open","ping_status":"open","sticky":false,"template":"","format":"standard","meta":{"footnotes":""},"categories":[8],"tags":[],"class_list":["post-33722","post","type-post","status-publish","format-standard","has-post-thumbnail","hentry","category-politica"],"_links":{"self":[{"href":"https:\/\/sientetupasion.com\/index.php\/wp-json\/wp\/v2\/posts\/33722","targetHints":{"allow":["GET"]}}],"collection":[{"href":"https:\/\/sientetupasion.com\/index.php\/wp-json\/wp\/v2\/posts"}],"about":[{"href":"https:\/\/sientetupasion.com\/index.php\/wp-json\/wp\/v2\/types\/post"}],"author":[{"embeddable":true,"href":"https:\/\/sientetupasion.com\/index.php\/wp-json\/wp\/v2\/users\/2"}],"replies":[{"embeddable":true,"href":"https:\/\/sientetupasion.com\/index.php\/wp-json\/wp\/v2\/comments?post=33722"}],"version-history":[{"count":1,"href":"https:\/\/sientetupasion.com\/index.php\/wp-json\/wp\/v2\/posts\/33722\/revisions"}],"predecessor-version":[{"id":33724,"href":"https:\/\/sientetupasion.com\/index.php\/wp-json\/wp\/v2\/posts\/33722\/revisions\/33724"}],"wp:featuredmedia":[{"embeddable":true,"href":"https:\/\/sientetupasion.com\/index.php\/wp-json\/wp\/v2\/media\/33723"}],"wp:attachment":[{"href":"https:\/\/sientetupasion.com\/index.php\/wp-json\/wp\/v2\/media?parent=33722"}],"wp:term":[{"taxonomy":"category","embeddable":true,"href":"https:\/\/sientetupasion.com\/index.php\/wp-json\/wp\/v2\/categories?post=33722"},{"taxonomy":"post_tag","embeddable":true,"href":"https:\/\/sientetupasion.com\/index.php\/wp-json\/wp\/v2\/tags?post=33722"}],"curies":[{"name":"wp","href":"https:\/\/api.w.org\/{rel}","templated":true}]}}