{"id":33675,"date":"2026-08-17T20:20:35","date_gmt":"2026-08-18T02:20:35","guid":{"rendered":"https:\/\/sientetupasion.com\/?p=33675"},"modified":"2026-08-17T20:20:35","modified_gmt":"2026-08-18T02:20:35","slug":"dif-jerez-entrega-bastones-blancos-para-fortalecer-la-movilidad-e-inclusion-de-personas-con-discapacidad-visual","status":"publish","type":"post","link":"https:\/\/sientetupasion.com\/index.php\/2026\/08\/17\/dif-jerez-entrega-bastones-blancos-para-fortalecer-la-movilidad-e-inclusion-de-personas-con-discapacidad-visual\/","title":{"rendered":"DIF Jerez entrega bastones blancos para fortalecer la movilidad e inclusi\u00f3n de personas con discapacidad visual"},"content":{"rendered":"<h1 class=\"PDq2pG_selectionAnchorContainer\" data-section-id=\"e43t6o\" data-start=\"0\" data-end=\"113\"><\/h1>\n<p data-start=\"115\" data-end=\"444\"><strong data-start=\"115\" data-end=\"131\">Jerez, Zac.\u2014<\/strong> Como parte de las acciones encaminadas a promover la inclusi\u00f3n social y mejorar las condiciones de vida de los sectores m\u00e1s vulnerables, el <strong data-start=\"272\" data-end=\"298\">DIF Municipal de Jerez<\/strong>, encabezado por su Presidenta Honor\u00edfica, <strong data-start=\"341\" data-end=\"359\">Estefana Casas<\/strong>, realiz\u00f3 la entrega de bastones blancos a j\u00f3venes y adultos con discapacidad visual.<\/p>\n<p data-start=\"446\" data-end=\"752\">Los apoyos fueron gestionados ante el <strong data-start=\"484\" data-end=\"550\">Instituto de Atenci\u00f3n a la Discapacidad e Inclusi\u00f3n del Estado<\/strong>, con el prop\u00f3sito de proporcionar herramientas que permitan a las personas beneficiarias desplazarse con mayor seguridad, independencia y confianza tanto en espacios p\u00fablicos como en su vida cotidiana.<\/p>\n<p data-start=\"754\" data-end=\"1188\">Durante la entrega, la directora del SMDIF, <strong data-start=\"798\" data-end=\"817\">Martha Alamillo<\/strong>, acompa\u00f1ada por la jefa de Atenci\u00f3n a la Discapacidad, <strong data-start=\"873\" data-end=\"889\">Roc\u00edo Ibarra<\/strong>, y el enlace municipal del Instituto de Atenci\u00f3n a la Discapacidad e Inclusi\u00f3n del Estado, <strong data-start=\"981\" data-end=\"1000\">Ricardo de Luna<\/strong>, destac\u00f3 que estos bastones representan mucho m\u00e1s que una ayuda t\u00e9cnica, pues constituyen un respaldo para fortalecer la autonom\u00eda y participaci\u00f3n de las personas con discapacidad visual.<\/p>\n<p data-start=\"1190\" data-end=\"1524\">En esta ocasi\u00f3n, los apoyos fueron entregados a <strong data-start=\"1238\" data-end=\"1268\">cuatro habitantes de Jerez<\/strong>: Gloria Estefan\u00eda Sifuentes, de 17 a\u00f1os; Reyna Meraz, de 21; Maricruz \u00c1vila, de 35, y Enrique Rivera, de 46 a\u00f1os, quienes enfrentan diferentes condiciones que afectan su capacidad visual y requieren herramientas especializadas para facilitar su movilidad.<\/p>\n<p data-start=\"1526\" data-end=\"1791\">Entre los padecimientos que presentan se encuentran glaucoma cong\u00e9nito, queratocono y debilidad visual permanente, adem\u00e1s de otras complicaciones m\u00e9dicas. Para quienes lo requirieron, tambi\u00e9n se brind\u00f3 atenci\u00f3n m\u00e9dica general como parte del acompa\u00f1amiento integral.<\/p>\n<p data-start=\"1793\" data-end=\"2055\">El DIF Jerez refrend\u00f3 su compromiso de continuar gestionando apoyos y servicios que permitan atender las necesidades de las personas con discapacidad, impulsando acciones que favorezcan su <strong data-start=\"1982\" data-end=\"2054\">autonom\u00eda, seguridad, inclusi\u00f3n y participaci\u00f3n plena en la sociedad<\/strong>.<\/p>\n<p data-start=\"2057\" data-end=\"2309\" data-is-last-node=\"\" data-is-only-node=\"\">Con este tipo de programas, el Gobierno Municipal busca avanzar hacia un Jerez m\u00e1s incluyente, donde las condiciones de vulnerabilidad no representen una barrera para que todas las personas puedan desarrollarse y participar activamente en su comunidad.<\/p>\n","protected":false},"excerpt":{"rendered":"<p>Jerez, Zac.\u2014 Como parte de las acciones encaminadas a promover la inclusi\u00f3n social y mejorar las condiciones de vida de los sectores m\u00e1s vulnerables, el DIF<span class=\"excerpt-hellip\"> [\u2026]<\/span><\/p>\n","protected":false},"author":2,"featured_media":33676,"comment_status":"open","ping_status":"open","sticky":false,"template":"","format":"standard","meta":{"footnotes":""},"categories":[28],"tags":[],"class_list":["post-33675","post","type-post","status-publish","format-standard","has-post-thumbnail","hentry","category-jerez"],"_links":{"self":[{"href":"https:\/\/sientetupasion.com\/index.php\/wp-json\/wp\/v2\/posts\/33675","targetHints":{"allow":["GET"]}}],"collection":[{"href":"https:\/\/sientetupasion.com\/index.php\/wp-json\/wp\/v2\/posts"}],"about":[{"href":"https:\/\/sientetupasion.com\/index.php\/wp-json\/wp\/v2\/types\/post"}],"author":[{"embeddable":true,"href":"https:\/\/sientetupasion.com\/index.php\/wp-json\/wp\/v2\/users\/2"}],"replies":[{"embeddable":true,"href":"https:\/\/sientetupasion.com\/index.php\/wp-json\/wp\/v2\/comments?post=33675"}],"version-history":[{"count":1,"href":"https:\/\/sientetupasion.com\/index.php\/wp-json\/wp\/v2\/posts\/33675\/revisions"}],"predecessor-version":[{"id":33677,"href":"https:\/\/sientetupasion.com\/index.php\/wp-json\/wp\/v2\/posts\/33675\/revisions\/33677"}],"wp:featuredmedia":[{"embeddable":true,"href":"https:\/\/sientetupasion.com\/index.php\/wp-json\/wp\/v2\/media\/33676"}],"wp:attachment":[{"href":"https:\/\/sientetupasion.com\/index.php\/wp-json\/wp\/v2\/media?parent=33675"}],"wp:term":[{"taxonomy":"category","embeddable":true,"href":"https:\/\/sientetupasion.com\/index.php\/wp-json\/wp\/v2\/categories?post=33675"},{"taxonomy":"post_tag","embeddable":true,"href":"https:\/\/sientetupasion.com\/index.php\/wp-json\/wp\/v2\/tags?post=33675"}],"curies":[{"name":"wp","href":"https:\/\/api.w.org\/{rel}","templated":true}]}}