{"id":33660,"date":"2026-08-14T20:07:19","date_gmt":"2026-08-15T02:07:19","guid":{"rendered":"https:\/\/sientetupasion.com\/?p=33660"},"modified":"2026-08-17T20:10:53","modified_gmt":"2026-08-18T02:10:53","slug":"concluye-en-calera-el-segundo-curso-de-mecanica-basica-para-mujeres","status":"publish","type":"post","link":"https:\/\/sientetupasion.com\/index.php\/2026\/08\/14\/concluye-en-calera-el-segundo-curso-de-mecanica-basica-para-mujeres\/","title":{"rendered":"Concluye en Calera el Segundo Curso de Mec\u00e1nica B\u00e1sica para Mujeres"},"content":{"rendered":"<div class=\"flex max-w-full flex-col gap-4 grow\">\n<div class=\"min-h-8 text-message relative flex w-full flex-col items-end gap-2 text-start break-words whitespace-normal outline-none keyboard-focused:focus-ring [.text-message+&amp;]:mt-1\" dir=\"auto\" tabindex=\"0\" data-message-author-role=\"assistant\" data-message-id=\"09256ba2-8eca-4bbf-8161-9c97eac7fffd\" data-message-model-slug=\"gpt-5-6\" data-turn-start-message=\"true\">\n<div class=\"flex w-full flex-col gap-1 empty:hidden\">\n<div class=\"markdown prose dark:prose-invert wrap-break-word w-full dark markdown-new-styling\">\n<h1 class=\"PDq2pG_selectionAnchorContainer\" data-section-id=\"jz13t1\" data-start=\"0\" data-end=\"69\"><\/h1>\n<p data-start=\"71\" data-end=\"329\"><strong data-start=\"71\" data-end=\"88\">Calera, Zac.\u2014<\/strong> Con el objetivo de brindar nuevas herramientas que contribuyan a fortalecer la autonom\u00eda, seguridad e independencia de las mujeres, se llev\u00f3 a cabo la <strong data-start=\"240\" data-end=\"302\">clausura del Segundo Curso de Mec\u00e1nica B\u00e1sica para Mujeres<\/strong> en el municipio de Calera.<\/p>\n<p data-start=\"331\" data-end=\"622\">Durante esta capacitaci\u00f3n, las participantes tuvieron la oportunidad de adquirir conocimientos b\u00e1sicos de mec\u00e1nica que pueden ser de utilidad en su vida cotidiana, permiti\u00e9ndoles actuar con mayor confianza ante situaciones relacionadas con el mantenimiento y funcionamiento de sus veh\u00edculos.<\/p>\n<p data-start=\"624\" data-end=\"936\">Las autoridades municipales reconocieron la participaci\u00f3n y entusiasmo de cada una de las ciudadanas que formaron parte de esta segunda edici\u00f3n, destacando que este tipo de actividades representan una oportunidad para aprender nuevas habilidades y fortalecer las capacidades personales de las mujeres calerenses.<\/p>\n<p data-start=\"938\" data-end=\"1190\">El curso tambi\u00e9n busc\u00f3 fomentar una mayor independencia, al proporcionar conocimientos pr\u00e1cticos que permiten a las participantes desenvolverse con mayor seguridad ante situaciones que tradicionalmente han sido consideradas exclusivamente para hombres.<\/p>\n<p data-start=\"1192\" data-end=\"1412\">Durante la clausura se resalt\u00f3 la importancia de continuar generando <strong data-start=\"1261\" data-end=\"1320\">espacios de capacitaci\u00f3n y aprendizaje para las mujeres<\/strong>, impulsando actividades que contribuyan tanto a su desarrollo personal como a su autonom\u00eda.<\/p>\n<p data-start=\"1414\" data-end=\"1656\">Con acciones como esta, el Gobierno Municipal refrenda su disposici\u00f3n de continuar promoviendo programas que atiendan las necesidades de las mujeres y les permitan contar con mayores herramientas para enfrentar los retos de la vida cotidiana.<\/p>\n<p data-start=\"1658\" data-end=\"1940\" data-is-last-node=\"\" data-is-only-node=\"\">Finalmente, se reconoci\u00f3 el esfuerzo de todas las participantes y se destac\u00f3 que <strong data-start=\"1739\" data-end=\"1835\">aprender algo nuevo tambi\u00e9n representa una forma de crecer, ganar confianza y abrirse camino<\/strong>, fortaleciendo as\u00ed la construcci\u00f3n de una sociedad con mayores oportunidades para las mujeres de Calera.<\/p>\n<\/div>\n<\/div>\n<\/div>\n<\/div>\n<div class=\"z-0 flex min-h-[46px] justify-start\"><\/div>\n<div class=\"pointer-events-none -mb-px h-px w-full opacity-0\" aria-hidden=\"true\"><\/div>\n","protected":false},"excerpt":{"rendered":"<p>Calera, Zac.\u2014 Con el objetivo de brindar nuevas herramientas que contribuyan a fortalecer la autonom\u00eda, seguridad e independencia de las mujeres, se llev\u00f3 a cabo la<span class=\"excerpt-hellip\"> [\u2026]<\/span><\/p>\n","protected":false},"author":2,"featured_media":33661,"comment_status":"open","ping_status":"open","sticky":false,"template":"","format":"standard","meta":{"footnotes":""},"categories":[24],"tags":[],"class_list":["post-33660","post","type-post","status-publish","format-standard","has-post-thumbnail","hentry","category-calera"],"_links":{"self":[{"href":"https:\/\/sientetupasion.com\/index.php\/wp-json\/wp\/v2\/posts\/33660","targetHints":{"allow":["GET"]}}],"collection":[{"href":"https:\/\/sientetupasion.com\/index.php\/wp-json\/wp\/v2\/posts"}],"about":[{"href":"https:\/\/sientetupasion.com\/index.php\/wp-json\/wp\/v2\/types\/post"}],"author":[{"embeddable":true,"href":"https:\/\/sientetupasion.com\/index.php\/wp-json\/wp\/v2\/users\/2"}],"replies":[{"embeddable":true,"href":"https:\/\/sientetupasion.com\/index.php\/wp-json\/wp\/v2\/comments?post=33660"}],"version-history":[{"count":1,"href":"https:\/\/sientetupasion.com\/index.php\/wp-json\/wp\/v2\/posts\/33660\/revisions"}],"predecessor-version":[{"id":33662,"href":"https:\/\/sientetupasion.com\/index.php\/wp-json\/wp\/v2\/posts\/33660\/revisions\/33662"}],"wp:featuredmedia":[{"embeddable":true,"href":"https:\/\/sientetupasion.com\/index.php\/wp-json\/wp\/v2\/media\/33661"}],"wp:attachment":[{"href":"https:\/\/sientetupasion.com\/index.php\/wp-json\/wp\/v2\/media?parent=33660"}],"wp:term":[{"taxonomy":"category","embeddable":true,"href":"https:\/\/sientetupasion.com\/index.php\/wp-json\/wp\/v2\/categories?post=33660"},{"taxonomy":"post_tag","embeddable":true,"href":"https:\/\/sientetupasion.com\/index.php\/wp-json\/wp\/v2\/tags?post=33660"}],"curies":[{"name":"wp","href":"https:\/\/api.w.org\/{rel}","templated":true}]}}