{"id":33606,"date":"2026-08-13T20:50:02","date_gmt":"2026-08-14T02:50:02","guid":{"rendered":"https:\/\/sientetupasion.com\/?p=33606"},"modified":"2026-08-13T20:50:02","modified_gmt":"2026-08-14T02:50:02","slug":"ulises-mejia-fortalece-recorridos-territoriales-y-llama-a-impulsar-el-campo-zacatecano","status":"publish","type":"post","link":"https:\/\/sientetupasion.com\/index.php\/2026\/08\/13\/ulises-mejia-fortalece-recorridos-territoriales-y-llama-a-impulsar-el-campo-zacatecano\/","title":{"rendered":"Ulises Mej\u00eda fortalece recorridos territoriales y llama a impulsar el campo zacatecano"},"content":{"rendered":"<h1 class=\"PDq2pG_selectionAnchorContainer\" data-section-id=\"1es29pb\" data-start=\"0\" data-end=\"88\"><\/h1>\n<p data-start=\"90\" data-end=\"406\"><strong data-start=\"90\" data-end=\"117\">Sombrerete, Zacatecas.\u2013<\/strong> En el marco de sus recorridos por distintos municipios del estado, el diputado con licencia <strong data-start=\"210\" data-end=\"231\">Ulises Mej\u00eda Haro<\/strong> ofreci\u00f3 una rueda de prensa en Sombrerete, donde inform\u00f3 sobre las actividades que desarrolla mediante asambleas informativas con simpatizantes y militantes de su movimiento.<\/p>\n<p data-start=\"408\" data-end=\"677\">Durante su intervenci\u00f3n, Mej\u00eda Haro destac\u00f3 la importancia de mantener un contacto permanente con la ciudadan\u00eda, recorriendo el territorio para <strong data-start=\"552\" data-end=\"615\">dialogar, escuchar inquietudes y fortalecer la organizaci\u00f3n<\/strong>, con la participaci\u00f3n directa de las comunidades zacatecanas.<\/p>\n<p data-start=\"679\" data-end=\"914\">El legislador con licencia se\u00f1al\u00f3 que estos encuentros permiten conocer de primera mano las necesidades de la poblaci\u00f3n y construir propuestas a partir de las condiciones que enfrentan las familias en las distintas regiones del estado.<\/p>\n<p data-start=\"916\" data-end=\"1218\">Uno de los temas centrales abordados fue el <strong data-start=\"960\" data-end=\"1000\">fortalecimiento del campo zacatecano<\/strong>, sector que consider\u00f3 fundamental para el desarrollo econ\u00f3mico y social de las comunidades. En este sentido, destac\u00f3 la importancia de respaldar a las y los productores y avanzar hacia una mayor soberan\u00eda alimentaria.<\/p>\n<p data-start=\"1220\" data-end=\"1551\">Mej\u00eda Haro se\u00f1al\u00f3 que Zacatecas cuenta con tierra, experiencia y una poblaci\u00f3n trabajadora con capacidad para impulsar la producci\u00f3n agropecuaria, por lo que consider\u00f3 necesario continuar promoviendo la <strong data-start=\"1423\" data-end=\"1460\">agroindustria y el valor agregado<\/strong>, con el prop\u00f3sito de generar mayores oportunidades y bienestar en las comunidades rurales.<\/p>\n<p data-start=\"1553\" data-end=\"1811\">Asimismo, destac\u00f3 que estas acciones se encuentran alineadas con la visi\u00f3n de la presidenta <strong data-start=\"1645\" data-end=\"1672\">Claudia Sheinbaum Pardo<\/strong>, quien ha colocado el fortalecimiento del campo y la soberan\u00eda alimentaria como temas relevantes dentro de la agenda de la Transformaci\u00f3n.<\/p>\n<p data-start=\"1813\" data-end=\"2113\">El diputado con licencia sostuvo que defender al campo significa tambi\u00e9n defender la soberan\u00eda del pa\u00eds y generar mejores condiciones para las familias que dependen de las actividades productivas, por lo que llam\u00f3 a continuar trabajando desde el territorio y fortaleciendo la participaci\u00f3n ciudadana.<\/p>\n<p data-start=\"2115\" data-end=\"2386\" data-is-last-node=\"\" data-is-only-node=\"\">Finalmente, Ulises Mej\u00eda refrend\u00f3 su intenci\u00f3n de continuar recorriendo Zacatecas, manteniendo el di\u00e1logo con la poblaci\u00f3n y sumando esfuerzos para impulsar proyectos que contribuyan al desarrollo de las comunidades y al fortalecimiento de la transformaci\u00f3n en el estado.<\/p>\n","protected":false},"excerpt":{"rendered":"<p>Sombrerete, Zacatecas.\u2013 En el marco de sus recorridos por distintos municipios del estado, el diputado con licencia Ulises Mej\u00eda Haro ofreci\u00f3 una rueda de prensa en<span class=\"excerpt-hellip\"> [\u2026]<\/span><\/p>\n","protected":false},"author":2,"featured_media":33607,"comment_status":"open","ping_status":"open","sticky":false,"template":"","format":"standard","meta":{"footnotes":""},"categories":[8],"tags":[],"class_list":["post-33606","post","type-post","status-publish","format-standard","has-post-thumbnail","hentry","category-politica"],"_links":{"self":[{"href":"https:\/\/sientetupasion.com\/index.php\/wp-json\/wp\/v2\/posts\/33606","targetHints":{"allow":["GET"]}}],"collection":[{"href":"https:\/\/sientetupasion.com\/index.php\/wp-json\/wp\/v2\/posts"}],"about":[{"href":"https:\/\/sientetupasion.com\/index.php\/wp-json\/wp\/v2\/types\/post"}],"author":[{"embeddable":true,"href":"https:\/\/sientetupasion.com\/index.php\/wp-json\/wp\/v2\/users\/2"}],"replies":[{"embeddable":true,"href":"https:\/\/sientetupasion.com\/index.php\/wp-json\/wp\/v2\/comments?post=33606"}],"version-history":[{"count":1,"href":"https:\/\/sientetupasion.com\/index.php\/wp-json\/wp\/v2\/posts\/33606\/revisions"}],"predecessor-version":[{"id":33608,"href":"https:\/\/sientetupasion.com\/index.php\/wp-json\/wp\/v2\/posts\/33606\/revisions\/33608"}],"wp:featuredmedia":[{"embeddable":true,"href":"https:\/\/sientetupasion.com\/index.php\/wp-json\/wp\/v2\/media\/33607"}],"wp:attachment":[{"href":"https:\/\/sientetupasion.com\/index.php\/wp-json\/wp\/v2\/media?parent=33606"}],"wp:term":[{"taxonomy":"category","embeddable":true,"href":"https:\/\/sientetupasion.com\/index.php\/wp-json\/wp\/v2\/categories?post=33606"},{"taxonomy":"post_tag","embeddable":true,"href":"https:\/\/sientetupasion.com\/index.php\/wp-json\/wp\/v2\/tags?post=33606"}],"curies":[{"name":"wp","href":"https:\/\/api.w.org\/{rel}","templated":true}]}}