{"id":33570,"date":"2026-08-13T20:03:02","date_gmt":"2026-08-14T02:03:02","guid":{"rendered":"https:\/\/sientetupasion.com\/?p=33570"},"modified":"2026-08-13T20:03:02","modified_gmt":"2026-08-14T02:03:02","slug":"sport-camp-calera-lleva-diversion-y-aprendizaje-al-arroyo-matamoros","status":"publish","type":"post","link":"https:\/\/sientetupasion.com\/index.php\/2026\/08\/13\/sport-camp-calera-lleva-diversion-y-aprendizaje-al-arroyo-matamoros\/","title":{"rendered":"SPORT CAMP Calera lleva diversi\u00f3n y aprendizaje al Arroyo Matamoros"},"content":{"rendered":"<h1 class=\"PDq2pG_selectionAnchorContainer\" data-section-id=\"oqu4fu\" data-start=\"0\" data-end=\"69\"><\/h1>\n<p data-start=\"71\" data-end=\"386\"><strong data-start=\"71\" data-end=\"94\">Calera, Zacatecas.\u2013<\/strong> Como parte de las actividades del <strong data-start=\"129\" data-end=\"166\">Curso de Verano SPORT CAMP CALERA<\/strong>, ni\u00f1as, ni\u00f1os y adolescentes disfrutaron de una jornada especial en el Arroyo Matamoros, donde participaron en diferentes din\u00e1micas recreativas dise\u00f1adas para fomentar la convivencia, el aprendizaje y la sana diversi\u00f3n.<\/p>\n<p data-start=\"388\" data-end=\"788\">La actividad cont\u00f3 con la coordinaci\u00f3n de la <strong data-start=\"433\" data-end=\"485\">Direcci\u00f3n de Orientaci\u00f3n y Vinculaci\u00f3n Ciudadana<\/strong> y la <strong data-start=\"491\" data-end=\"533\">Divisi\u00f3n de Proximidad Social y G\u00e9nero<\/strong>, que instalaron diversos m\u00f3dulos para ofrecer a las familias una experiencia diferente. Entre las actividades se encontraron la tirolesa, pista del infante, pinta caritas, mesa de creatividad, participaci\u00f3n de un payasito y m\u00f3dulos de atenci\u00f3n ciudadana.<\/p>\n<p data-start=\"790\" data-end=\"1033\">Durante la jornada participaron <strong data-start=\"822\" data-end=\"838\">185 personas<\/strong>, entre ni\u00f1as, ni\u00f1os, adolescentes y familias, quienes disfrutaron de una ma\u00f1ana llena de actividades, alegr\u00eda y convivencia en un entorno pensado para fortalecer los v\u00ednculos entre la comunidad.<\/p>\n<p data-start=\"1035\" data-end=\"1261\">Adem\u00e1s de promover la recreaci\u00f3n, estas acciones permitieron que las y los participantes desarrollaran habilidades mediante actividades l\u00fadicas, reforzando valores como el compa\u00f1erismo, la participaci\u00f3n y el trabajo en equipo.<\/p>\n<p data-start=\"1263\" data-end=\"1554\">Como cierre de las actividades, se llev\u00f3 a cabo la <strong data-start=\"1314\" data-end=\"1364\">clausura del Curso de Verano SPORT CAMP CALERA<\/strong>, donde las autoridades hicieron entrega de reconocimientos y medallas a las y los participantes, como muestra de reconocimiento a su entusiasmo, compromiso y dedicaci\u00f3n durante el programa.<\/p>\n<p data-start=\"1556\" data-end=\"1821\" data-is-last-node=\"\" data-is-only-node=\"\">Con esta jornada, el Gobierno Municipal de Calera reafirma su compromiso de generar <strong data-start=\"1640\" data-end=\"1726\">espacios seguros de recreaci\u00f3n, deporte y aprendizaje para las nuevas generaciones<\/strong>, impulsando actividades que contribuyan al desarrollo integral de ni\u00f1as, ni\u00f1os y adolescentes.<\/p>\n","protected":false},"excerpt":{"rendered":"<p>Calera, Zacatecas.\u2013 Como parte de las actividades del Curso de Verano SPORT CAMP CALERA, ni\u00f1as, ni\u00f1os y adolescentes disfrutaron de una jornada especial en el Arroyo<span class=\"excerpt-hellip\"> [\u2026]<\/span><\/p>\n","protected":false},"author":2,"featured_media":33571,"comment_status":"open","ping_status":"open","sticky":false,"template":"","format":"standard","meta":{"footnotes":""},"categories":[24],"tags":[],"class_list":["post-33570","post","type-post","status-publish","format-standard","has-post-thumbnail","hentry","category-calera"],"_links":{"self":[{"href":"https:\/\/sientetupasion.com\/index.php\/wp-json\/wp\/v2\/posts\/33570","targetHints":{"allow":["GET"]}}],"collection":[{"href":"https:\/\/sientetupasion.com\/index.php\/wp-json\/wp\/v2\/posts"}],"about":[{"href":"https:\/\/sientetupasion.com\/index.php\/wp-json\/wp\/v2\/types\/post"}],"author":[{"embeddable":true,"href":"https:\/\/sientetupasion.com\/index.php\/wp-json\/wp\/v2\/users\/2"}],"replies":[{"embeddable":true,"href":"https:\/\/sientetupasion.com\/index.php\/wp-json\/wp\/v2\/comments?post=33570"}],"version-history":[{"count":1,"href":"https:\/\/sientetupasion.com\/index.php\/wp-json\/wp\/v2\/posts\/33570\/revisions"}],"predecessor-version":[{"id":33572,"href":"https:\/\/sientetupasion.com\/index.php\/wp-json\/wp\/v2\/posts\/33570\/revisions\/33572"}],"wp:featuredmedia":[{"embeddable":true,"href":"https:\/\/sientetupasion.com\/index.php\/wp-json\/wp\/v2\/media\/33571"}],"wp:attachment":[{"href":"https:\/\/sientetupasion.com\/index.php\/wp-json\/wp\/v2\/media?parent=33570"}],"wp:term":[{"taxonomy":"category","embeddable":true,"href":"https:\/\/sientetupasion.com\/index.php\/wp-json\/wp\/v2\/categories?post=33570"},{"taxonomy":"post_tag","embeddable":true,"href":"https:\/\/sientetupasion.com\/index.php\/wp-json\/wp\/v2\/tags?post=33570"}],"curies":[{"name":"wp","href":"https:\/\/api.w.org\/{rel}","templated":true}]}}