{"id":33567,"date":"2026-08-13T20:00:49","date_gmt":"2026-08-14T02:00:49","guid":{"rendered":"https:\/\/sientetupasion.com\/?p=33567"},"modified":"2026-08-13T20:00:49","modified_gmt":"2026-08-14T02:00:49","slug":"calera-fortalece-el-voleibol-con-clinica-especializada-impartida-por-coaches-cubanos","status":"publish","type":"post","link":"https:\/\/sientetupasion.com\/index.php\/2026\/08\/13\/calera-fortalece-el-voleibol-con-clinica-especializada-impartida-por-coaches-cubanos\/","title":{"rendered":"Calera fortalece el voleibol con cl\u00ednica especializada impartida por coaches cubanos"},"content":{"rendered":"<div class=\"flex max-w-full flex-col gap-4 grow\">\n<div class=\"min-h-8 text-message relative flex w-full flex-col items-end gap-2 text-start break-words whitespace-normal outline-none keyboard-focused:focus-ring [.text-message+&amp;]:mt-1\" dir=\"auto\" tabindex=\"0\" data-message-author-role=\"assistant\" data-message-id=\"8ab51790-1d1b-4f80-948c-1992dba55ccc\" data-message-model-slug=\"gpt-5-6\" data-turn-start-message=\"true\">\n<div class=\"flex w-full flex-col gap-1 empty:hidden\">\n<div class=\"markdown prose dark:prose-invert wrap-break-word w-full dark markdown-new-styling\">\n<h1 class=\"PDq2pG_selectionAnchorContainer\" data-section-id=\"79w0u5\" data-start=\"0\" data-end=\"86\"><\/h1>\n<p data-start=\"88\" data-end=\"386\"><strong data-start=\"88\" data-end=\"111\">Calera, Zacatecas.\u2013<\/strong> Con el objetivo de continuar impulsando el desarrollo deportivo y fortalecer la preparaci\u00f3n de las nuevas generaciones, en Calera se llev\u00f3 a cabo una <strong data-start=\"262\" data-end=\"299\">Cl\u00ednica Especializada de Voleibol<\/strong>, resultado de la coordinaci\u00f3n entre el <strong data-start=\"339\" data-end=\"355\">Club \u00c1guilas<\/strong> y el Departamento del Deporte.<\/p>\n<p data-start=\"388\" data-end=\"638\">Durante esta jornada, las y los participantes tuvieron la oportunidad de adquirir nuevos conocimientos, perfeccionar sus habilidades y aprender t\u00e9cnicas que pueden marcar la diferencia dentro de la cancha, contribuyendo a elevar su nivel competitivo.<\/p>\n<p data-start=\"640\" data-end=\"901\">La capacitaci\u00f3n estuvo a cargo de los coaches provenientes de Cuba, <strong data-start=\"708\" data-end=\"745\">Keibel Guti\u00e9rrez y Rafael de Mato<\/strong>, quienes compartieron con las y los deportistas su experiencia, conocimientos y diferentes herramientas t\u00e9cnicas relacionadas con la pr\u00e1ctica del voleibol.<\/p>\n<p data-start=\"903\" data-end=\"1123\">El encuentro represent\u00f3 tambi\u00e9n una oportunidad para que los talentos calerenses conocieran nuevas metodolog\u00edas de entrenamiento y recibieran orientaci\u00f3n especializada de profesionales con experiencia en esta disciplina.<\/p>\n<p data-start=\"1125\" data-end=\"1344\">La realizaci\u00f3n de esta cl\u00ednica refleja el inter\u00e9s por generar espacios de formaci\u00f3n que complementen la pr\u00e1ctica deportiva y permitan a ni\u00f1as, ni\u00f1os, j\u00f3venes y atletas desarrollar sus capacidades en mejores condiciones.<\/p>\n<p data-start=\"1346\" data-end=\"1582\">Con este tipo de actividades, el Gobierno Municipal de Calera refrenda su compromiso de <strong data-start=\"1434\" data-end=\"1581\">seguir promoviendo el deporte, fortalecer la preparaci\u00f3n de sus atletas y generar nuevas oportunidades de aprendizaje para los talentos locales<\/strong>.<\/p>\n<p data-start=\"1584\" data-end=\"1719\" data-is-last-node=\"\" data-is-only-node=\"\"><strong data-start=\"1584\" data-end=\"1719\" data-is-last-node=\"\">El voleibol contin\u00faa creciendo en Calera y con \u00e9l tambi\u00e9n las oportunidades para que sus deportistas sigan alcanzando nuevas metas.<\/strong><\/p>\n<\/div>\n<\/div>\n<\/div>\n<\/div>\n<div class=\"z-0 flex min-h-[46px] justify-start\"><\/div>\n<div class=\"pointer-events-none -mb-px h-px w-full opacity-0\" aria-hidden=\"true\"><\/div>\n","protected":false},"excerpt":{"rendered":"<p>Calera, Zacatecas.\u2013 Con el objetivo de continuar impulsando el desarrollo deportivo y fortalecer la preparaci\u00f3n de las nuevas generaciones, en Calera se llev\u00f3 a cabo una<span class=\"excerpt-hellip\"> [\u2026]<\/span><\/p>\n","protected":false},"author":2,"featured_media":33568,"comment_status":"open","ping_status":"open","sticky":false,"template":"","format":"standard","meta":{"footnotes":""},"categories":[24],"tags":[],"class_list":["post-33567","post","type-post","status-publish","format-standard","has-post-thumbnail","hentry","category-calera"],"_links":{"self":[{"href":"https:\/\/sientetupasion.com\/index.php\/wp-json\/wp\/v2\/posts\/33567","targetHints":{"allow":["GET"]}}],"collection":[{"href":"https:\/\/sientetupasion.com\/index.php\/wp-json\/wp\/v2\/posts"}],"about":[{"href":"https:\/\/sientetupasion.com\/index.php\/wp-json\/wp\/v2\/types\/post"}],"author":[{"embeddable":true,"href":"https:\/\/sientetupasion.com\/index.php\/wp-json\/wp\/v2\/users\/2"}],"replies":[{"embeddable":true,"href":"https:\/\/sientetupasion.com\/index.php\/wp-json\/wp\/v2\/comments?post=33567"}],"version-history":[{"count":1,"href":"https:\/\/sientetupasion.com\/index.php\/wp-json\/wp\/v2\/posts\/33567\/revisions"}],"predecessor-version":[{"id":33569,"href":"https:\/\/sientetupasion.com\/index.php\/wp-json\/wp\/v2\/posts\/33567\/revisions\/33569"}],"wp:featuredmedia":[{"embeddable":true,"href":"https:\/\/sientetupasion.com\/index.php\/wp-json\/wp\/v2\/media\/33568"}],"wp:attachment":[{"href":"https:\/\/sientetupasion.com\/index.php\/wp-json\/wp\/v2\/media?parent=33567"}],"wp:term":[{"taxonomy":"category","embeddable":true,"href":"https:\/\/sientetupasion.com\/index.php\/wp-json\/wp\/v2\/categories?post=33567"},{"taxonomy":"post_tag","embeddable":true,"href":"https:\/\/sientetupasion.com\/index.php\/wp-json\/wp\/v2\/tags?post=33567"}],"curies":[{"name":"wp","href":"https:\/\/api.w.org\/{rel}","templated":true}]}}