{"id":33564,"date":"2026-08-13T07:13:14","date_gmt":"2026-08-13T13:13:14","guid":{"rendered":"https:\/\/sientetupasion.com\/?p=33564"},"modified":"2026-08-13T07:13:14","modified_gmt":"2026-08-13T13:13:14","slug":"conmemora-el-pri-dia-internacional-de-la-juventud","status":"publish","type":"post","link":"https:\/\/sientetupasion.com\/index.php\/2026\/08\/13\/conmemora-el-pri-dia-internacional-de-la-juventud\/","title":{"rendered":"CONMEMORA EL PRI D\u00cdA INTERNACIONAL DE LA JUVENTUD"},"content":{"rendered":"<p>&nbsp;<\/p>\n<p>Con una reuni\u00f3n de trabajo con todas las dirigencias juveniles que integran los distintos organismos adherentes al PRI y con la participaci\u00f3n del Delegado General del CEN, Jos\u00e9 Marco Antonio Olvera Acevedo y la Secretaria General, Norma Castorena Berrelleza, el Presidente estatal, Carlos Pe\u00f1a Badillo, encabez\u00f3 la conmemoraci\u00f3n del D\u00eda Internacional de la Juventud.<\/p>\n<p>En su mensaje, Carlos Pe\u00f1a Badillo convoc\u00f3 a todos los cuadros j\u00f3venes que ahora trabajan por la consolidaci\u00f3n de este partido a meterle m\u00e1s fuerza a todas sus actividades rumbo al 2027, cerrar filas e impulsar a nuevos cuadros en todas sus organizaciones.<\/p>\n<p>Pe\u00f1a Badillo consider\u00f3 que el triunfo electoral del pr\u00f3ximo a\u00f1o es muy factible y seguramente recaer\u00e1 en los j\u00f3venes priistas la responsabilidad de impulsar con su trabajo todas las campa\u00f1as que estar\u00e1n en marcha el pr\u00f3ximo a\u00f1o para recuperar la mayor cantidad de espacios pol\u00edticos.<\/p>\n<p>La Secretaria General, Norma Castorena Berrelleza insisti\u00f3 en que los j\u00f3venes deben identificar las causas sociales de la lucha pol\u00edtica, y puso como ejemplo la solidez y el trabajo de todos los empleados del Sector Salud, que ella encabeza, porque ese es un ejemplo para los j\u00f3venes de c\u00f3mo pueden construir un liderazgo competitivo.<\/p>\n<p>Por su parte, el Delegado General del CEN, Jos\u00e9 Marco Antonio Olvera Acevedo, convoc\u00f3 a los j\u00f3venes asistentes al Sal\u00f3n Presidentes de la sede estatal del PRI a impulsar la actividad pol\u00edtica sustent\u00e1ndola en ideales.<\/p>\n<p>Olvera Acevedo insisti\u00f3 con los j\u00f3venes que deben darle la debida importancia a la capacitaci\u00f3n pol\u00edtica y en todas las materias que sea posible, para formar perfiles profesionales y realmente competitivos. Los inst\u00f3 a seguir prepar\u00e1ndose bajo la ruta que traz\u00f3 don Jes\u00fas Reyes Heroles, uno de los principales ide\u00f3logos del PRI, y les pidi\u00f3 conocer perfectamente la problem\u00e1tica de sus municipios y el Estado para identificar plenamente las causas sociales que deben abanderar en todo su trabajo pol\u00edtico.<\/p>\n<p>&#8212;000&#8212;<\/p>\n","protected":false},"excerpt":{"rendered":"<p>&nbsp; Con una reuni\u00f3n de trabajo con todas las dirigencias juveniles que integran los distintos organismos adherentes al PRI y con la participaci\u00f3n del Delegado General<span class=\"excerpt-hellip\"> [\u2026]<\/span><\/p>\n","protected":false},"author":2,"featured_media":33565,"comment_status":"open","ping_status":"open","sticky":false,"template":"","format":"standard","meta":{"footnotes":""},"categories":[8],"tags":[],"class_list":["post-33564","post","type-post","status-publish","format-standard","has-post-thumbnail","hentry","category-politica"],"_links":{"self":[{"href":"https:\/\/sientetupasion.com\/index.php\/wp-json\/wp\/v2\/posts\/33564","targetHints":{"allow":["GET"]}}],"collection":[{"href":"https:\/\/sientetupasion.com\/index.php\/wp-json\/wp\/v2\/posts"}],"about":[{"href":"https:\/\/sientetupasion.com\/index.php\/wp-json\/wp\/v2\/types\/post"}],"author":[{"embeddable":true,"href":"https:\/\/sientetupasion.com\/index.php\/wp-json\/wp\/v2\/users\/2"}],"replies":[{"embeddable":true,"href":"https:\/\/sientetupasion.com\/index.php\/wp-json\/wp\/v2\/comments?post=33564"}],"version-history":[{"count":1,"href":"https:\/\/sientetupasion.com\/index.php\/wp-json\/wp\/v2\/posts\/33564\/revisions"}],"predecessor-version":[{"id":33566,"href":"https:\/\/sientetupasion.com\/index.php\/wp-json\/wp\/v2\/posts\/33564\/revisions\/33566"}],"wp:featuredmedia":[{"embeddable":true,"href":"https:\/\/sientetupasion.com\/index.php\/wp-json\/wp\/v2\/media\/33565"}],"wp:attachment":[{"href":"https:\/\/sientetupasion.com\/index.php\/wp-json\/wp\/v2\/media?parent=33564"}],"wp:term":[{"taxonomy":"category","embeddable":true,"href":"https:\/\/sientetupasion.com\/index.php\/wp-json\/wp\/v2\/categories?post=33564"},{"taxonomy":"post_tag","embeddable":true,"href":"https:\/\/sientetupasion.com\/index.php\/wp-json\/wp\/v2\/tags?post=33564"}],"curies":[{"name":"wp","href":"https:\/\/api.w.org\/{rel}","templated":true}]}}