{"id":33558,"date":"2026-08-13T07:08:22","date_gmt":"2026-08-13T13:08:22","guid":{"rendered":"https:\/\/sientetupasion.com\/?p=33558"},"modified":"2026-08-13T07:08:22","modified_gmt":"2026-08-13T13:08:22","slug":"no-a-la-impunidad-de-la-mananera","status":"publish","type":"post","link":"https:\/\/sientetupasion.com\/index.php\/2026\/08\/13\/no-a-la-impunidad-de-la-mananera\/","title":{"rendered":"*NO A LA IMPUNIDAD DE \u201cLA MA\u00d1ANERA\u201d*"},"content":{"rendered":"<p>*NO A LA IMPUNIDAD DE \u201cLA MA\u00d1ANERA\u201d*<\/p>\n<p>La libertad de expresi\u00f3n no puede depender de qui\u00e9n gobierna ni de qu\u00e9 tan c\u00f3moda resulte una cr\u00edtica. En democracia, el poder debe soportar el escrutinio ciudadano.<\/p>\n<p>Desde hace un a\u00f1o en el PAN rechazamos la llamada \u201cLey Censura\u201d impulsada por el gobierno de Claudia Sheinbaum.<\/p>\n<p>Hoy, lanzan unos lineamientos de esa ley bajo el disfraz de proteger a las audiencias, lo que Morena pretende es abrir la puerta para que una autoridad cercana al Ejecutivo decida qu\u00e9 informaci\u00f3n es verdadera, cu\u00e1l est\u00e1 descontextualizada, qu\u00e9 medio debe rectificar y a qui\u00e9n sancionar.<\/p>\n<p>No se necesita prohibir una noticia para censurar. Basta con generar miedo y amenazar con sanciones para que periodistas y medios lo piensen dos veces antes de investigar, cuestionar o exhibir al poder.<\/p>\n<p>Es que ejemplos de censura hay muchos. Est\u00e1 el caso de \u201cdato protegido\u201d; el veracruzano \u00c1ngel Camarillo obligado a retirar un reportaje sobre nepotismo; y las disculpas forzadas a las que obligaron a los periodistas de Campeche, Carlos y Abraham Mart\u00ednez y Hubert Carrera.<\/p>\n<p>Ahora, Morena quiere ponerle lupa a la prensa, pero pretende mantener en absoluta impunidad a su principal aparato de propaganda pol\u00edtica: \u201cla ma\u00f1anera\u201d.<\/p>\n<p>Desde Palacio Nacional se se\u00f1ala, acusa y exhibe a periodistas, opositores, empresarios, organizaciones y ciudadanos. Se lanzan afirmaciones que pueden destruir reputaciones, pero los afectados no cuentan con un mecanismo efectivo para responder en el mismo espacio y con la misma difusi\u00f3n.<\/p>\n<p>As\u00ed funciona hoy el poder: puede contestarle a todos, pero nadie puede contestarle al poder.<\/p>\n<p>Por eso, desde el PAN ya presentamos una propuesta para regular las conferencias matutinas en materia de verificaci\u00f3n, rectificaci\u00f3n, derecho de r\u00e9plica y rendici\u00f3n de cuentas.<\/p>\n<p>Que quede claro: no pretendemos cancelar \u201cla ma\u00f1anera\u201d ni censurar a la Presidenta. S\u00f3lo exigimos algo elemental: que cuando presente datos o acusaciones tenga sustento y que los se\u00f1alados puedan defenderse.<\/p>\n<p>Nos preocupa que Morena quiera decidir qu\u00e9 deben escuchar los mexicanos, qu\u00e9 deben pensar y de qu\u00e9 pueden hablar. Ese camino conduce al pensamiento \u00fanico y recuerda las pr\u00e1cticas de gobiernos autoritarios que restringieron libertades y persiguieron voces inc\u00f3modas.<\/p>\n<p>M\u00e9xico no necesita una prensa domesticada ni un gobierno que se crea due\u00f1o de la verdad. Necesita libertad, pluralidad y contrapesos.<\/p>\n<p>Si Morena quiere imponer reglas a los medios, que empiece por su propia casa: si acusa, que pruebe; si se equivoca, que corrija; si se\u00f1ala, que permita responder, m\u00e1ximo cuando la ma\u00f1anera se realiza con recursos p\u00fablicos.<\/p>\n<p>Noem\u00ed Luna<br \/>\nDiputada Federal<\/p>\n","protected":false},"excerpt":{"rendered":"<p>*NO A LA IMPUNIDAD DE \u201cLA MA\u00d1ANERA\u201d* La libertad de expresi\u00f3n no puede depender de qui\u00e9n gobierna ni de qu\u00e9 tan c\u00f3moda resulte una cr\u00edtica. En<span class=\"excerpt-hellip\"> [\u2026]<\/span><\/p>\n","protected":false},"author":2,"featured_media":33559,"comment_status":"open","ping_status":"open","sticky":false,"template":"","format":"standard","meta":{"footnotes":""},"categories":[8],"tags":[],"class_list":["post-33558","post","type-post","status-publish","format-standard","has-post-thumbnail","hentry","category-politica"],"_links":{"self":[{"href":"https:\/\/sientetupasion.com\/index.php\/wp-json\/wp\/v2\/posts\/33558","targetHints":{"allow":["GET"]}}],"collection":[{"href":"https:\/\/sientetupasion.com\/index.php\/wp-json\/wp\/v2\/posts"}],"about":[{"href":"https:\/\/sientetupasion.com\/index.php\/wp-json\/wp\/v2\/types\/post"}],"author":[{"embeddable":true,"href":"https:\/\/sientetupasion.com\/index.php\/wp-json\/wp\/v2\/users\/2"}],"replies":[{"embeddable":true,"href":"https:\/\/sientetupasion.com\/index.php\/wp-json\/wp\/v2\/comments?post=33558"}],"version-history":[{"count":1,"href":"https:\/\/sientetupasion.com\/index.php\/wp-json\/wp\/v2\/posts\/33558\/revisions"}],"predecessor-version":[{"id":33560,"href":"https:\/\/sientetupasion.com\/index.php\/wp-json\/wp\/v2\/posts\/33558\/revisions\/33560"}],"wp:featuredmedia":[{"embeddable":true,"href":"https:\/\/sientetupasion.com\/index.php\/wp-json\/wp\/v2\/media\/33559"}],"wp:attachment":[{"href":"https:\/\/sientetupasion.com\/index.php\/wp-json\/wp\/v2\/media?parent=33558"}],"wp:term":[{"taxonomy":"category","embeddable":true,"href":"https:\/\/sientetupasion.com\/index.php\/wp-json\/wp\/v2\/categories?post=33558"},{"taxonomy":"post_tag","embeddable":true,"href":"https:\/\/sientetupasion.com\/index.php\/wp-json\/wp\/v2\/tags?post=33558"}],"curies":[{"name":"wp","href":"https:\/\/api.w.org\/{rel}","templated":true}]}}