{"id":33443,"date":"2026-08-11T19:31:15","date_gmt":"2026-08-12T01:31:15","guid":{"rendered":"https:\/\/sientetupasion.com\/?p=33443"},"modified":"2026-08-11T19:31:15","modified_gmt":"2026-08-12T01:31:15","slug":"dif-de-jerez-pone-en-marcha-mi-primer-curso-de-verano-ecuestre-para-ninas-y-ninos","status":"publish","type":"post","link":"https:\/\/sientetupasion.com\/index.php\/2026\/08\/11\/dif-de-jerez-pone-en-marcha-mi-primer-curso-de-verano-ecuestre-para-ninas-y-ninos\/","title":{"rendered":"DIF de Jerez pone en marcha \u201cMi Primer Curso de Verano Ecuestre\u201d para ni\u00f1as y ni\u00f1os"},"content":{"rendered":"<h1><\/h1>\n<p class=\"isSelectedEnd\"><strong>Jerez, Zacatecas.<\/strong> Con el objetivo de ofrecer alternativas de recreaci\u00f3n, aprendizaje y desarrollo integral durante el periodo vacacional, el <strong>DIF de Jerez<\/strong>, encabezado por su presidenta honor\u00edfica <strong>Estefana Casas<\/strong>, dio inicio formal a <strong>\u201cMi Primer Curso de Verano Ecuestre\u201d<\/strong>, una nueva iniciativa dirigida a ni\u00f1as y ni\u00f1os de entre 6 y 12 a\u00f1os.<\/p>\n<p class=\"isSelectedEnd\">El arranque de actividades tuvo lugar en las instalaciones del <strong>Centro de Rehabilitaci\u00f3n Infantil y Juvenil de Jerez (CRIJJ)<\/strong>, donde las y los peque\u00f1os participantes recibieron con entusiasmo sus gafetes de acreditaci\u00f3n y conocieron parte del programa que desarrollar\u00e1n durante el curso.<\/p>\n<p class=\"isSelectedEnd\">Durante el inicio, Estefana Casas dio la bienvenida a las ni\u00f1as y ni\u00f1os y destac\u00f3 que esta primera edici\u00f3n busca convertirse en una experiencia diferente, divertida y enriquecedora, mediante actividades que permitan a los participantes aprender, convivir y desarrollar nuevas habilidades en un ambiente seguro.<\/p>\n<p class=\"isSelectedEnd\">El programa contempla un acercamiento al mundo ecuestre, donde las y los participantes podr\u00e1n conocer aspectos b\u00e1sicos relacionados con los caballos y desarrollar habilidades de interacci\u00f3n con los equinos. Estas actividades estar\u00e1n acompa\u00f1adas por personal capacitado y buscan favorecer la estimulaci\u00f3n motriz, la convivencia y el bienestar f\u00edsico de los menores.<\/p>\n<p class=\"isSelectedEnd\">Adem\u00e1s del aprendizaje ecuestre, el curso cuenta con un programa multidisciplinario que incluye contenidos relacionados con <strong>salud y autocuidado infantil, defensa personal, manualidades y elaboraci\u00f3n de mazap\u00e1n artesanal<\/strong>, entre otras actividades dise\u00f1adas para estimular la creatividad y fortalecer diferentes capacidades.<\/p>\n<p class=\"isSelectedEnd\">En el arranque tambi\u00e9n estuvieron presentes la directora del Sistema DIF Municipal, <strong>Martha Alamillo<\/strong>, y la jefa de Servicios y Trabajo Social, <strong>Karla Paola Soriano<\/strong>, quienes acompa\u00f1aron el inicio de esta iniciativa y destacaron la importancia de generar espacios de atenci\u00f3n y recreaci\u00f3n para la ni\u00f1ez jerezana.<\/p>\n<p class=\"isSelectedEnd\">Con <strong>\u201cMi Primer Curso de Verano Ecuestre\u201d<\/strong>, el DIF de Jerez busca ofrecer a las familias una alternativa de verano din\u00e1mica y segura, en la que las ni\u00f1as y ni\u00f1os puedan combinar diversi\u00f3n y aprendizaje mientras fortalecen sus habilidades f\u00edsicas, sociales y creativas.<\/p>\n<p>De esta manera, el Sistema Municipal DIF refrenda su compromiso de impulsar programas que contribuyan al bienestar de la ni\u00f1ez y que permitan a las nuevas generaciones disfrutar de experiencias que favorezcan su desarrollo integral.<\/p>\n","protected":false},"excerpt":{"rendered":"<p>Jerez, Zacatecas. Con el objetivo de ofrecer alternativas de recreaci\u00f3n, aprendizaje y desarrollo integral durante el periodo vacacional, el DIF de Jerez, encabezado por su presidenta<span class=\"excerpt-hellip\"> [\u2026]<\/span><\/p>\n","protected":false},"author":2,"featured_media":33444,"comment_status":"open","ping_status":"open","sticky":false,"template":"","format":"standard","meta":{"footnotes":""},"categories":[28],"tags":[],"class_list":["post-33443","post","type-post","status-publish","format-standard","has-post-thumbnail","hentry","category-jerez"],"_links":{"self":[{"href":"https:\/\/sientetupasion.com\/index.php\/wp-json\/wp\/v2\/posts\/33443","targetHints":{"allow":["GET"]}}],"collection":[{"href":"https:\/\/sientetupasion.com\/index.php\/wp-json\/wp\/v2\/posts"}],"about":[{"href":"https:\/\/sientetupasion.com\/index.php\/wp-json\/wp\/v2\/types\/post"}],"author":[{"embeddable":true,"href":"https:\/\/sientetupasion.com\/index.php\/wp-json\/wp\/v2\/users\/2"}],"replies":[{"embeddable":true,"href":"https:\/\/sientetupasion.com\/index.php\/wp-json\/wp\/v2\/comments?post=33443"}],"version-history":[{"count":1,"href":"https:\/\/sientetupasion.com\/index.php\/wp-json\/wp\/v2\/posts\/33443\/revisions"}],"predecessor-version":[{"id":33445,"href":"https:\/\/sientetupasion.com\/index.php\/wp-json\/wp\/v2\/posts\/33443\/revisions\/33445"}],"wp:featuredmedia":[{"embeddable":true,"href":"https:\/\/sientetupasion.com\/index.php\/wp-json\/wp\/v2\/media\/33444"}],"wp:attachment":[{"href":"https:\/\/sientetupasion.com\/index.php\/wp-json\/wp\/v2\/media?parent=33443"}],"wp:term":[{"taxonomy":"category","embeddable":true,"href":"https:\/\/sientetupasion.com\/index.php\/wp-json\/wp\/v2\/categories?post=33443"},{"taxonomy":"post_tag","embeddable":true,"href":"https:\/\/sientetupasion.com\/index.php\/wp-json\/wp\/v2\/tags?post=33443"}],"curies":[{"name":"wp","href":"https:\/\/api.w.org\/{rel}","templated":true}]}}