{"id":33428,"date":"2026-08-11T09:13:17","date_gmt":"2026-08-11T15:13:17","guid":{"rendered":"https:\/\/sientetupasion.com\/?p=33428"},"modified":"2026-08-11T09:13:17","modified_gmt":"2026-08-11T15:13:17","slug":"fgjez-ejecuta-orden-de-aprehension-en-coordinacion-con-los-integrantes-de-la-mesa-estatal-de-construccion-de-paz-2","status":"publish","type":"post","link":"https:\/\/sientetupasion.com\/index.php\/2026\/08\/11\/fgjez-ejecuta-orden-de-aprehension-en-coordinacion-con-los-integrantes-de-la-mesa-estatal-de-construccion-de-paz-2\/","title":{"rendered":"FGJEZ EJECUTA \u00d3RDEN DE APREHENSI\u00d3N EN COORDINACI\u00d3N CON LOS INTEGRANTES DE LA MESA ESTATAL DE CONSTRUCCI\u00d3N DE PAZ"},"content":{"rendered":"<p>La Fiscal\u00eda General de Justicia del Estado en colaboraci\u00f3n con los integrantes de La Mesa Estatal de Construcci\u00f3n de Paz y Seguridad, lograron poner a disposici\u00f3n del \u00d3rgano Jurisdiccional a 1 persona que contaba con Orden de Aprehensi\u00f3n:<\/p>\n<p>&#8211; \u00d3scar \u201cN\u201d, fue detenido en el municipio de Fresnillo, Zacatecas, contaba con una orden de aprehensi\u00f3n por los delitos de violencia familiar agravada y lesiones.<\/p>\n<p>La Fiscal\u00eda General del Estado mantiene el firme compromiso de esclarecer los hechos delictivos a trav\u00e9s de la labor de investigaci\u00f3n, as\u00ed como lograr que las personas responsables de actos delictivos enfrenten la justicia.<\/p>\n","protected":false},"excerpt":{"rendered":"<p>La Fiscal\u00eda General de Justicia del Estado en colaboraci\u00f3n con los integrantes de La Mesa Estatal de Construcci\u00f3n de Paz y Seguridad, lograron poner a disposici\u00f3n<span class=\"excerpt-hellip\"> [\u2026]<\/span><\/p>\n","protected":false},"author":2,"featured_media":33429,"comment_status":"open","ping_status":"open","sticky":false,"template":"","format":"standard","meta":{"footnotes":""},"categories":[8],"tags":[],"class_list":["post-33428","post","type-post","status-publish","format-standard","has-post-thumbnail","hentry","category-politica"],"_links":{"self":[{"href":"https:\/\/sientetupasion.com\/index.php\/wp-json\/wp\/v2\/posts\/33428","targetHints":{"allow":["GET"]}}],"collection":[{"href":"https:\/\/sientetupasion.com\/index.php\/wp-json\/wp\/v2\/posts"}],"about":[{"href":"https:\/\/sientetupasion.com\/index.php\/wp-json\/wp\/v2\/types\/post"}],"author":[{"embeddable":true,"href":"https:\/\/sientetupasion.com\/index.php\/wp-json\/wp\/v2\/users\/2"}],"replies":[{"embeddable":true,"href":"https:\/\/sientetupasion.com\/index.php\/wp-json\/wp\/v2\/comments?post=33428"}],"version-history":[{"count":1,"href":"https:\/\/sientetupasion.com\/index.php\/wp-json\/wp\/v2\/posts\/33428\/revisions"}],"predecessor-version":[{"id":33430,"href":"https:\/\/sientetupasion.com\/index.php\/wp-json\/wp\/v2\/posts\/33428\/revisions\/33430"}],"wp:featuredmedia":[{"embeddable":true,"href":"https:\/\/sientetupasion.com\/index.php\/wp-json\/wp\/v2\/media\/33429"}],"wp:attachment":[{"href":"https:\/\/sientetupasion.com\/index.php\/wp-json\/wp\/v2\/media?parent=33428"}],"wp:term":[{"taxonomy":"category","embeddable":true,"href":"https:\/\/sientetupasion.com\/index.php\/wp-json\/wp\/v2\/categories?post=33428"},{"taxonomy":"post_tag","embeddable":true,"href":"https:\/\/sientetupasion.com\/index.php\/wp-json\/wp\/v2\/tags?post=33428"}],"curies":[{"name":"wp","href":"https:\/\/api.w.org\/{rel}","templated":true}]}}