{"id":33425,"date":"2026-08-11T09:11:25","date_gmt":"2026-08-11T15:11:25","guid":{"rendered":"https:\/\/sientetupasion.com\/?p=33425"},"modified":"2026-08-11T09:11:25","modified_gmt":"2026-08-11T15:11:25","slug":"ayuntamiento-de-zacatecas-socializa-rehabilitacion-de-la-avenida-quebradilla-con-ciudadania-participativa","status":"publish","type":"post","link":"https:\/\/sientetupasion.com\/index.php\/2026\/08\/11\/ayuntamiento-de-zacatecas-socializa-rehabilitacion-de-la-avenida-quebradilla-con-ciudadania-participativa\/","title":{"rendered":"Ayuntamiento de Zacatecas socializa rehabilitaci\u00f3n de la avenida Quebradilla con Ciudadan\u00eda Participativa"},"content":{"rendered":"\n<p>El presidente municipal de Zacatecas, Miguel \u00c1ngel Varela Pinedo, sostuvo un encuentro con integrantes de la organizaci\u00f3n \u201cCiudadan\u00eda Participativa\u201d y vecinos interesados en entablar un di\u00e1logo constructivo con relaci\u00f3n al proyecto de rehabilitaci\u00f3n de la avenida Quebradilla, una de las vialidades m\u00e1s importantes de nuestra ciudad patrimonio.<\/p>\n<p>Durante la reuni\u00f3n, el alcalde estuvo acompa\u00f1ado por Carlos Emilio Ram\u00edrez Valtierra, director de Desarrollo Urbano y Patrimonio Municipal; Luis Fernando Maldonado, Director de Infraestructura y Obra P\u00fablica; Raymundo Moreno, Director de Comunicaci\u00f3n Social y Vocer\u00eda; y Manuel Gonz\u00e1lez, cronista municipal, quienes participaron en el intercambio de puntos de vista y atendieron las inquietudes planteadas por los asistentes.<\/p>\n<p>En el encuentro se explic\u00f3 que las condiciones actuales de la vialidad requieren una intervenci\u00f3n mayor, debido a que la base de la calle presenta un desgaste considerable despu\u00e9s de a\u00f1os de uso y el incremento sostenido de la carga vehicular. Ante esta situaci\u00f3n, se se\u00f1al\u00f3 que continuar \u00fanicamente con trabajos de bacheo no representar\u00eda una soluci\u00f3n definitiva, ya que los da\u00f1os volver\u00edan a presentarse de manera constante.<\/p>\n<p>El alcalde destac\u00f3 que la decisi\u00f3n sobre la intervenci\u00f3n se encuentra en proceso de socializaci\u00f3n y que no existe una determinaci\u00f3n definitiva respecto al material o sistema constructivo que ser\u00e1 utilizado. Por ello, escuch\u00f3 los diferentes puntos de vista de los participantes, con la finalidad de contar con mayores elementos antes de tomar una decisi\u00f3n.<\/p>\n<p>Varela Pinedo subray\u00f3 que se analizar\u00e1n las alternativas disponibles, considerando tanto la conservaci\u00f3n de la imagen urbana y el patrimonio hist\u00f3rico, as\u00ed como la durabilidad de la obra. En este sentido, explic\u00f3 que una posibilidad ser\u00eda mantener materiales como el adoqu\u00edn o la piedra existentes, mientras que otra alternativa contempla el uso de concreto hidr\u00e1ulico, cuya ventaja ser\u00eda reducir durante varios a\u00f1os la necesidad de realizar trabajos recurrentes de bacheo.<\/p>\n<p>Asimismo, inform\u00f3 que se iniciaron consultas con las instancias locales y federales correspondientes en materia de conservaci\u00f3n y patrimonio para determinar la viabilidad de las propuestas, al tratarse de una zona prioritaria.<\/p>\n<p>El presidente municipal afirm\u00f3 que la intenci\u00f3n es que la obra sea resultado de un proceso abierto y participativo, alejado de se\u00f1alamientos de car\u00e1cter pol\u00edtico y privilegiando una informaci\u00f3n clara para la ciudadan\u00eda.<\/p>\n<p>Finalmente, Miguel Varela reiter\u00f3 que la administraci\u00f3n municipal tomar\u00e1 la decisi\u00f3n que sea aceptada por las y los capitalinos, con el aval de organismos como la Junta de Monumentos y el INAH, y que represente el mayor beneficio colectivo, procurando en todo momento proteger el patrimonio, mejorar las condiciones de movilidad y garantizar una intervenci\u00f3n que responda a las necesidades actuales y futuras de la zona.<\/p>\n","protected":false},"excerpt":{"rendered":"<p>El presidente municipal de Zacatecas, Miguel \u00c1ngel Varela Pinedo, sostuvo un encuentro con integrantes de la organizaci\u00f3n \u201cCiudadan\u00eda Participativa\u201d y vecinos interesados en entablar un di\u00e1logo<span class=\"excerpt-hellip\"> [\u2026]<\/span><\/p>\n","protected":false},"author":2,"featured_media":33426,"comment_status":"open","ping_status":"open","sticky":false,"template":"","format":"standard","meta":{"footnotes":""},"categories":[8],"tags":[],"class_list":["post-33425","post","type-post","status-publish","format-standard","has-post-thumbnail","hentry","category-politica"],"_links":{"self":[{"href":"https:\/\/sientetupasion.com\/index.php\/wp-json\/wp\/v2\/posts\/33425","targetHints":{"allow":["GET"]}}],"collection":[{"href":"https:\/\/sientetupasion.com\/index.php\/wp-json\/wp\/v2\/posts"}],"about":[{"href":"https:\/\/sientetupasion.com\/index.php\/wp-json\/wp\/v2\/types\/post"}],"author":[{"embeddable":true,"href":"https:\/\/sientetupasion.com\/index.php\/wp-json\/wp\/v2\/users\/2"}],"replies":[{"embeddable":true,"href":"https:\/\/sientetupasion.com\/index.php\/wp-json\/wp\/v2\/comments?post=33425"}],"version-history":[{"count":1,"href":"https:\/\/sientetupasion.com\/index.php\/wp-json\/wp\/v2\/posts\/33425\/revisions"}],"predecessor-version":[{"id":33427,"href":"https:\/\/sientetupasion.com\/index.php\/wp-json\/wp\/v2\/posts\/33425\/revisions\/33427"}],"wp:featuredmedia":[{"embeddable":true,"href":"https:\/\/sientetupasion.com\/index.php\/wp-json\/wp\/v2\/media\/33426"}],"wp:attachment":[{"href":"https:\/\/sientetupasion.com\/index.php\/wp-json\/wp\/v2\/media?parent=33425"}],"wp:term":[{"taxonomy":"category","embeddable":true,"href":"https:\/\/sientetupasion.com\/index.php\/wp-json\/wp\/v2\/categories?post=33425"},{"taxonomy":"post_tag","embeddable":true,"href":"https:\/\/sientetupasion.com\/index.php\/wp-json\/wp\/v2\/tags?post=33425"}],"curies":[{"name":"wp","href":"https:\/\/api.w.org\/{rel}","templated":true}]}}