{"id":33356,"date":"2026-08-07T20:54:56","date_gmt":"2026-08-08T02:54:56","guid":{"rendered":"https:\/\/sientetupasion.com\/?p=33356"},"modified":"2026-08-07T20:54:56","modified_gmt":"2026-08-08T02:54:56","slug":"jovenes-de-calera-participan-en-el-cabildo-de-las-juventudes","status":"publish","type":"post","link":"https:\/\/sientetupasion.com\/index.php\/2026\/08\/07\/jovenes-de-calera-participan-en-el-cabildo-de-las-juventudes\/","title":{"rendered":"J\u00f3venes de Calera participan en el Cabildo de las Juventudes"},"content":{"rendered":"<p class=\"isSelectedEnd\"><strong>Calera, Zacatecas.<\/strong> Con el objetivo de fortalecer la participaci\u00f3n de las nuevas generaciones en la vida p\u00fablica del municipio, se llev\u00f3 a cabo una sesi\u00f3n del <strong>Cabildo de las Juventudes<\/strong>, espacio en el que j\u00f3venes calerenses expresaron sus ideas, inquietudes y propuestas para contribuir al desarrollo de Calera.<\/p>\n<p class=\"isSelectedEnd\">Durante la sesi\u00f3n, las y los participantes demostraron compromiso e inter\u00e9s por involucrarse activamente en los asuntos de su comunidad, generando un espacio de di\u00e1logo en el que sus opiniones fueron escuchadas y tomadas en cuenta como parte de la construcci\u00f3n de un municipio con mayores oportunidades para las nuevas generaciones.<\/p>\n<p class=\"isSelectedEnd\">El presidente municipal, <strong>Miguel Murillo<\/strong>, acompa\u00f1\u00f3 a las y los j\u00f3venes durante esta importante jornada y destac\u00f3 la relevancia de mantener un gobierno cercano que escuche a la ciudadan\u00eda, particularmente a quienes representan el presente y futuro de Calera.<\/p>\n<p>El Ayuntamiento de Calera refrend\u00f3 su compromiso de continuar impulsando espacios de participaci\u00f3n juvenil, donde las nuevas generaciones puedan involucrarse en la toma de decisiones, desarrollar propuestas y fortalecer su sentido de responsabilidad social. Con acciones como esta, se busca construir una comunidad m\u00e1s participativa, incluyente y cercana a las necesidades de su juventud.<\/p>\n","protected":false},"excerpt":{"rendered":"<p>Calera, Zacatecas. Con el objetivo de fortalecer la participaci\u00f3n de las nuevas generaciones en la vida p\u00fablica del municipio, se llev\u00f3 a cabo una sesi\u00f3n del<span class=\"excerpt-hellip\"> [\u2026]<\/span><\/p>\n","protected":false},"author":2,"featured_media":33357,"comment_status":"open","ping_status":"open","sticky":false,"template":"","format":"standard","meta":{"footnotes":""},"categories":[24],"tags":[],"class_list":["post-33356","post","type-post","status-publish","format-standard","has-post-thumbnail","hentry","category-calera"],"_links":{"self":[{"href":"https:\/\/sientetupasion.com\/index.php\/wp-json\/wp\/v2\/posts\/33356","targetHints":{"allow":["GET"]}}],"collection":[{"href":"https:\/\/sientetupasion.com\/index.php\/wp-json\/wp\/v2\/posts"}],"about":[{"href":"https:\/\/sientetupasion.com\/index.php\/wp-json\/wp\/v2\/types\/post"}],"author":[{"embeddable":true,"href":"https:\/\/sientetupasion.com\/index.php\/wp-json\/wp\/v2\/users\/2"}],"replies":[{"embeddable":true,"href":"https:\/\/sientetupasion.com\/index.php\/wp-json\/wp\/v2\/comments?post=33356"}],"version-history":[{"count":1,"href":"https:\/\/sientetupasion.com\/index.php\/wp-json\/wp\/v2\/posts\/33356\/revisions"}],"predecessor-version":[{"id":33358,"href":"https:\/\/sientetupasion.com\/index.php\/wp-json\/wp\/v2\/posts\/33356\/revisions\/33358"}],"wp:featuredmedia":[{"embeddable":true,"href":"https:\/\/sientetupasion.com\/index.php\/wp-json\/wp\/v2\/media\/33357"}],"wp:attachment":[{"href":"https:\/\/sientetupasion.com\/index.php\/wp-json\/wp\/v2\/media?parent=33356"}],"wp:term":[{"taxonomy":"category","embeddable":true,"href":"https:\/\/sientetupasion.com\/index.php\/wp-json\/wp\/v2\/categories?post=33356"},{"taxonomy":"post_tag","embeddable":true,"href":"https:\/\/sientetupasion.com\/index.php\/wp-json\/wp\/v2\/tags?post=33356"}],"curies":[{"name":"wp","href":"https:\/\/api.w.org\/{rel}","templated":true}]}}