{"id":3332,"date":"2024-11-16T13:59:18","date_gmt":"2024-11-16T13:59:18","guid":{"rendered":"https:\/\/sientetupasion.com\/?p=3332"},"modified":"2024-11-16T13:59:18","modified_gmt":"2024-11-16T13:59:18","slug":"comparte-gilda-cota-medallista-paralimpica-su-experiencia-de-vida-a-las-y-los-zacatecanos","status":"publish","type":"post","link":"https:\/\/sientetupasion.com\/index.php\/2024\/11\/16\/comparte-gilda-cota-medallista-paralimpica-su-experiencia-de-vida-a-las-y-los-zacatecanos\/","title":{"rendered":"Comparte Gilda Cota, medallista paral\u00edmpica, su experiencia de vida a las y los zacatecanos"},"content":{"rendered":"<p>\u25aa\ufe0f Presenta la conferencia \u201cSorprendiendo a la vida\u201d, organizada por Gobierno de Zacatecas, que encabeza el Gobernador David Monreal \u00c1vila, en el marco del A\u00f1o de la Paz<br \/>\n\u25aa\ufe0f Invita a las y los zacatecanos a no rendirse y a que persigan sus sue\u00f1os<\/p>\n<p>Zacatecas, Zac.- 15 de noviembre de 2024.-  Resiliencia es la palabra clave para Gilda Cota Vega, medallista paral\u00edmpica en Par\u00eds 2024, quien comparti\u00f3 a las y los zacatecanos la conferencia denominada \u201cSorprendiendo a la vida\u201d, que organiz\u00f3 el Gobierno del Estado, que encabeza el Gobernador David Monreal \u00c1vila, a trav\u00e9s del Instituto para la Inclusi\u00f3n y Atenci\u00f3n de Personas con Discapacidad.<\/p>\n<p>Al ser part\u00edcipe de las actividades en el marco de la estrategia de pacificaci\u00f3n de Zacatecas que impulsa el mandatario estatal, la joven medallista de 36 a\u00f1os comparti\u00f3 a las y los zacatecanos sus experiencias vividas a lo largo de los \u00faltimos a\u00f1os, como en el 2000, cuando recibi\u00f3 el diagn\u00f3stico de la enfermedad auto degenerativa esclerosis m\u00faltiple. <\/p>\n<p>Sin embargo, Gilda Cota dijo que este padecimiento es un regalo porque le ha permitido lograr sus sue\u00f1os, como participar en los Juegos Ol\u00edmpicos, y traer a su pa\u00eds una medalla de plata. <\/p>\n<p>En este sentido, invit\u00f3 a quienes han pasado por problemas adversos a no minimizar esos procesos dolorosos y dif\u00edciles. \u201cRecuerda que no est\u00e1s solo para afrontar tus procesos de duelo, siempre hay esa luz ah\u00ed, que te va a dar la mano, no dudes en agarrarla\u201d, expres\u00f3 la mexicana.<\/p>\n<p>La paral\u00edmpica mencion\u00f3 que este este premio representa el poder de trascender, adem\u00e1s de tocar vidas y hacerse visible como ser humano.<\/p>\n<p>\u201cUno empieza por uno mismo y yo creo que la gran diferencia es el coraz\u00f3n, o sea, s\u00ed le pones todo el coraz\u00f3n y todo el compromiso a tus metas, vas convencido de que lo vas a hacer; te comprometes con tus sue\u00f1os\u201d, dijo Cota Vega.<\/p>\n<p>En este orden de ideas, asever\u00f3 que la vida no es f\u00e1cil para personas que tienen alguna discapacidad; pero tener dificultades, dijo, es un plus para poder demostrar de qu\u00e9 son capaces. <\/p>\n<p>Asimismo, la subcampeona nacional centroamericana de lanzamiento agradeci\u00f3 al Gobernador David Monreal por la oportunidad de compartir sus experiencias a la poblaci\u00f3n, las cuales le han permitido sobrepasar los l\u00edmites y mostrar que, a\u00fan con adversidades, se puede llegar muy lejos.<\/p>\n<p>Previo a su ponencia, mencion\u00f3 que estas acciones gubernamentales \u201cson algo muy bonito, porque nos permite dos cosas; que la gente nos conozca y de visibilizarnos, y dos, abrir la oportunidad a m\u00e1s gente\u201d.<\/p>\n<p>En representaci\u00f3n del Gobernador David Monreal \u00c1vila, el director del Instituto de Cultura F\u00edsica y Deporte del Estado de Zacatecas (Incufidez), Javier N\u00fa\u00f1ez, reconoci\u00f3 el trabajo que hace Gilda Cota, porque es un orgullo para todas y todos los mexicanos.<\/p>\n<p>Por su parte, Miriam Garc\u00eda Zamora, titular del Instituto para la Inclusi\u00f3n y Atenci\u00f3n de Personas con Discapacidad, destac\u00f3 que 2024 fue nombrado A\u00f1o de la Paz por iniciativa del Gobernador David Monreal, con el objetivo de generar paz, bienestar y progreso de las familias zacatecanas.<\/p>\n<p>Por ello, dijo Garc\u00eda Zamora, este tipo de eventos son una prioridad para la administraci\u00f3n de David Monreal, porque forman parte de la pacificaci\u00f3n de la entidad.<\/p>\n<p>\u2014ooOoo\u2014<\/p>\n","protected":false},"excerpt":{"rendered":"<p>\u25aa\ufe0f Presenta la conferencia \u201cSorprendiendo a la vida\u201d, organizada por Gobierno de Zacatecas, que encabeza el Gobernador David Monreal \u00c1vila, en el marco del A\u00f1o de<span class=\"excerpt-hellip\"> [\u2026]<\/span><\/p>\n","protected":false},"author":2,"featured_media":3333,"comment_status":"open","ping_status":"open","sticky":false,"template":"","format":"standard","meta":{"footnotes":""},"categories":[16],"tags":[],"class_list":["post-3332","post","type-post","status-publish","format-standard","has-post-thumbnail","hentry","category-zacatecas"],"_links":{"self":[{"href":"https:\/\/sientetupasion.com\/index.php\/wp-json\/wp\/v2\/posts\/3332","targetHints":{"allow":["GET"]}}],"collection":[{"href":"https:\/\/sientetupasion.com\/index.php\/wp-json\/wp\/v2\/posts"}],"about":[{"href":"https:\/\/sientetupasion.com\/index.php\/wp-json\/wp\/v2\/types\/post"}],"author":[{"embeddable":true,"href":"https:\/\/sientetupasion.com\/index.php\/wp-json\/wp\/v2\/users\/2"}],"replies":[{"embeddable":true,"href":"https:\/\/sientetupasion.com\/index.php\/wp-json\/wp\/v2\/comments?post=3332"}],"version-history":[{"count":1,"href":"https:\/\/sientetupasion.com\/index.php\/wp-json\/wp\/v2\/posts\/3332\/revisions"}],"predecessor-version":[{"id":3334,"href":"https:\/\/sientetupasion.com\/index.php\/wp-json\/wp\/v2\/posts\/3332\/revisions\/3334"}],"wp:featuredmedia":[{"embeddable":true,"href":"https:\/\/sientetupasion.com\/index.php\/wp-json\/wp\/v2\/media\/3333"}],"wp:attachment":[{"href":"https:\/\/sientetupasion.com\/index.php\/wp-json\/wp\/v2\/media?parent=3332"}],"wp:term":[{"taxonomy":"category","embeddable":true,"href":"https:\/\/sientetupasion.com\/index.php\/wp-json\/wp\/v2\/categories?post=3332"},{"taxonomy":"post_tag","embeddable":true,"href":"https:\/\/sientetupasion.com\/index.php\/wp-json\/wp\/v2\/tags?post=3332"}],"curies":[{"name":"wp","href":"https:\/\/api.w.org\/{rel}","templated":true}]}}