{"id":33237,"date":"2026-08-05T09:47:37","date_gmt":"2026-08-05T15:47:37","guid":{"rendered":"https:\/\/sientetupasion.com\/?p=33237"},"modified":"2026-08-05T09:47:37","modified_gmt":"2026-08-05T15:47:37","slug":"calera-celebra-la-riqueza-cultural-durante-el-festival-del-folclor-internacional-2026","status":"publish","type":"post","link":"https:\/\/sientetupasion.com\/index.php\/2026\/08\/05\/calera-celebra-la-riqueza-cultural-durante-el-festival-del-folclor-internacional-2026\/","title":{"rendered":"Calera celebra la riqueza cultural durante el Festival del Folclor Internacional 2026"},"content":{"rendered":"<h1><\/h1>\n<p class=\"isSelectedEnd\"><strong>Calera, Zacatecas.<\/strong> Con una extraordinaria muestra de m\u00fasica, danza y tradici\u00f3n, el municipio de Calera fue escenario de una velada llena de color y talento durante el <strong>Festival del Folclor Internacional 2026<\/strong>, donde familias calerenses disfrutaron de las presentaciones del ballet folcl\u00f3rico <strong>&#8220;M\u00e9xico Lindo de Toribio&#8221;<\/strong> y del grupo <strong>Ziemia Cieszynska<\/strong>, proveniente de Polonia.<\/p>\n<p class=\"isSelectedEnd\">El escenario se llen\u00f3 de identidad y diversidad cultural con la interpretaci\u00f3n de estampas representativas de ambos pa\u00edses, ofreciendo al p\u00fablico una experiencia que fortaleci\u00f3 el intercambio entre naciones y promovi\u00f3 el respeto por las tradiciones del mundo. Los asistentes respondieron con entusiasmo a cada una de las presentaciones, reconociendo el talento y la pasi\u00f3n de los artistas que participaron en esta importante celebraci\u00f3n.<\/p>\n<p>El Gobierno Municipal de Calera comparti\u00f3 la galer\u00eda fotogr\u00e1fica de este memorable encuentro, invitando a la ciudadan\u00eda a revivir los momentos m\u00e1s destacados de una jornada que reafirma el compromiso de impulsar actividades culturales que fortalecen la convivencia social y enriquecen la vida art\u00edstica del municipio. As\u00ed se vivi\u00f3 una edici\u00f3n m\u00e1s del <strong>Festival del Folclor Internacional 2026<\/strong>, una fiesta que uni\u00f3 culturas a trav\u00e9s de la danza y la m\u00fasica.<\/p>\n","protected":false},"excerpt":{"rendered":"<p>Calera, Zacatecas. Con una extraordinaria muestra de m\u00fasica, danza y tradici\u00f3n, el municipio de Calera fue escenario de una velada llena de color y talento durante<span class=\"excerpt-hellip\"> [\u2026]<\/span><\/p>\n","protected":false},"author":2,"featured_media":33238,"comment_status":"open","ping_status":"open","sticky":false,"template":"","format":"standard","meta":{"footnotes":""},"categories":[24],"tags":[],"class_list":["post-33237","post","type-post","status-publish","format-standard","has-post-thumbnail","hentry","category-calera"],"_links":{"self":[{"href":"https:\/\/sientetupasion.com\/index.php\/wp-json\/wp\/v2\/posts\/33237","targetHints":{"allow":["GET"]}}],"collection":[{"href":"https:\/\/sientetupasion.com\/index.php\/wp-json\/wp\/v2\/posts"}],"about":[{"href":"https:\/\/sientetupasion.com\/index.php\/wp-json\/wp\/v2\/types\/post"}],"author":[{"embeddable":true,"href":"https:\/\/sientetupasion.com\/index.php\/wp-json\/wp\/v2\/users\/2"}],"replies":[{"embeddable":true,"href":"https:\/\/sientetupasion.com\/index.php\/wp-json\/wp\/v2\/comments?post=33237"}],"version-history":[{"count":1,"href":"https:\/\/sientetupasion.com\/index.php\/wp-json\/wp\/v2\/posts\/33237\/revisions"}],"predecessor-version":[{"id":33239,"href":"https:\/\/sientetupasion.com\/index.php\/wp-json\/wp\/v2\/posts\/33237\/revisions\/33239"}],"wp:featuredmedia":[{"embeddable":true,"href":"https:\/\/sientetupasion.com\/index.php\/wp-json\/wp\/v2\/media\/33238"}],"wp:attachment":[{"href":"https:\/\/sientetupasion.com\/index.php\/wp-json\/wp\/v2\/media?parent=33237"}],"wp:term":[{"taxonomy":"category","embeddable":true,"href":"https:\/\/sientetupasion.com\/index.php\/wp-json\/wp\/v2\/categories?post=33237"},{"taxonomy":"post_tag","embeddable":true,"href":"https:\/\/sientetupasion.com\/index.php\/wp-json\/wp\/v2\/tags?post=33237"}],"curies":[{"name":"wp","href":"https:\/\/api.w.org\/{rel}","templated":true}]}}