{"id":33234,"date":"2026-08-05T09:45:09","date_gmt":"2026-08-05T15:45:09","guid":{"rendered":"https:\/\/sientetupasion.com\/?p=33234"},"modified":"2026-08-05T09:45:09","modified_gmt":"2026-08-05T15:45:09","slug":"calera-fortalece-acciones-para-garantizar-la-igualdad-entre-mujeres-y-hombres","status":"publish","type":"post","link":"https:\/\/sientetupasion.com\/index.php\/2026\/08\/05\/calera-fortalece-acciones-para-garantizar-la-igualdad-entre-mujeres-y-hombres\/","title":{"rendered":"Calera fortalece acciones para garantizar la igualdad entre mujeres y hombres"},"content":{"rendered":"<h1><\/h1>\n<p class=\"isSelectedEnd\"><strong>Calera, Zacatecas.<\/strong> Con el objetivo de fortalecer las pol\u00edticas p\u00fablicas que promuevan la igualdad de oportunidades, el Gobierno Municipal de Calera llev\u00f3 a cabo la <strong>Segunda Sesi\u00f3n Ordinaria del Sistema para la Igualdad entre Mujeres y Hombres<\/strong>, un espacio de coordinaci\u00f3n en el que participaron las distintas \u00e1reas de la Administraci\u00f3n P\u00fablica Municipal para evaluar avances y definir nuevas estrategias en favor de la equidad.<\/p>\n<p class=\"isSelectedEnd\">Durante la sesi\u00f3n, las dependencias municipales presentaron propuestas enfocadas en impulsar una cultura de igualdad, entre ellas la realizaci\u00f3n de cursos, talleres, conferencias y la implementaci\u00f3n de protocolos institucionales que fortalezcan el respeto, la inclusi\u00f3n y la igualdad de oportunidades dentro del servicio p\u00fablico y la sociedad. Asimismo, se establecieron compromisos que permitir\u00e1n dar continuidad a las acciones acordadas en la pr\u00f3xima reuni\u00f3n del Sistema.<\/p>\n<p>Con estas iniciativas, el Ayuntamiento de Calera reafirma su compromiso con la construcci\u00f3n de un municipio m\u00e1s justo, inclusivo y libre de desigualdades, promoviendo pol\u00edticas p\u00fablicas que favorezcan el desarrollo integral de mujeres y hombres en igualdad de condiciones, consolidando un entorno de respeto y oportunidades para todas y todos.<\/p>\n","protected":false},"excerpt":{"rendered":"<p>Calera, Zacatecas. Con el objetivo de fortalecer las pol\u00edticas p\u00fablicas que promuevan la igualdad de oportunidades, el Gobierno Municipal de Calera llev\u00f3 a cabo la Segunda<span class=\"excerpt-hellip\"> [\u2026]<\/span><\/p>\n","protected":false},"author":2,"featured_media":33235,"comment_status":"open","ping_status":"open","sticky":false,"template":"","format":"standard","meta":{"footnotes":""},"categories":[24],"tags":[],"class_list":["post-33234","post","type-post","status-publish","format-standard","has-post-thumbnail","hentry","category-calera"],"_links":{"self":[{"href":"https:\/\/sientetupasion.com\/index.php\/wp-json\/wp\/v2\/posts\/33234","targetHints":{"allow":["GET"]}}],"collection":[{"href":"https:\/\/sientetupasion.com\/index.php\/wp-json\/wp\/v2\/posts"}],"about":[{"href":"https:\/\/sientetupasion.com\/index.php\/wp-json\/wp\/v2\/types\/post"}],"author":[{"embeddable":true,"href":"https:\/\/sientetupasion.com\/index.php\/wp-json\/wp\/v2\/users\/2"}],"replies":[{"embeddable":true,"href":"https:\/\/sientetupasion.com\/index.php\/wp-json\/wp\/v2\/comments?post=33234"}],"version-history":[{"count":1,"href":"https:\/\/sientetupasion.com\/index.php\/wp-json\/wp\/v2\/posts\/33234\/revisions"}],"predecessor-version":[{"id":33236,"href":"https:\/\/sientetupasion.com\/index.php\/wp-json\/wp\/v2\/posts\/33234\/revisions\/33236"}],"wp:featuredmedia":[{"embeddable":true,"href":"https:\/\/sientetupasion.com\/index.php\/wp-json\/wp\/v2\/media\/33235"}],"wp:attachment":[{"href":"https:\/\/sientetupasion.com\/index.php\/wp-json\/wp\/v2\/media?parent=33234"}],"wp:term":[{"taxonomy":"category","embeddable":true,"href":"https:\/\/sientetupasion.com\/index.php\/wp-json\/wp\/v2\/categories?post=33234"},{"taxonomy":"post_tag","embeddable":true,"href":"https:\/\/sientetupasion.com\/index.php\/wp-json\/wp\/v2\/tags?post=33234"}],"curies":[{"name":"wp","href":"https:\/\/api.w.org\/{rel}","templated":true}]}}