{"id":33231,"date":"2026-08-03T21:36:42","date_gmt":"2026-08-04T03:36:42","guid":{"rendered":"https:\/\/sientetupasion.com\/?p=33231"},"modified":"2026-08-03T21:36:42","modified_gmt":"2026-08-04T03:36:42","slug":"llama-kenia-lopez-rabadan-a-participar-en-la-consulta-sobre-los-lineamientos-para-la-proteccion-de-las-audiencias-y-asi-defender-la-libertad-de-expresion","status":"publish","type":"post","link":"https:\/\/sientetupasion.com\/index.php\/2026\/08\/03\/llama-kenia-lopez-rabadan-a-participar-en-la-consulta-sobre-los-lineamientos-para-la-proteccion-de-las-audiencias-y-asi-defender-la-libertad-de-expresion\/","title":{"rendered":"Llama Kenia L\u00f3pez Rabad\u00e1n a participar en la consulta sobre los lineamientos para la protecci\u00f3n de las audiencias y as\u00ed defender la libertad de expresi\u00f3n"},"content":{"rendered":"<p>La democracia necesita audiencias protegidas y tambi\u00e9n medios libres, periodistas independientes y una sociedad con acceso a informaci\u00f3n plural<\/p>\n<p>\u2022\u00a0 \u00a0 Reglas deben dar certeza a los ciudadanos y a los medios de comunicaci\u00f3n, sobre las sanciones, los procedimientos y los criterios que determinar\u00e1n las multas<\/p>\n<p>\u2022\u00a0 \u00a0 La denominada \u201cLey Kuri\u201d, referente para la discusi\u00f3n nacional sobre el uso de redes sociales de ni\u00f1as, ni\u00f1os y adolescentes<\/p>\n<p>Luego de insistir que defender los derechos de las audiencias es una obligaci\u00f3n constitucional que no debe debilitar la libertad de expresi\u00f3n, la pluralidad informativa y la autonom\u00eda editorial, la presidenta de la Mesa Directiva de la C\u00e1mara de Diputados, Kenia L\u00f3pez Rabad\u00e1n hizo un llamado a los ciudadanos y a todos los interesados a participar en la consulta p\u00fablica sobre este tema.<\/p>\n<p>\u201cEstamos ante una regulaci\u00f3n de alta relevancia para la vida democr\u00e1tica, porque involucra simult\u00e1neamente el derecho de las audiencias y la libertad de expresi\u00f3n y de prensa\u201d, subray\u00f3.<\/p>\n<p>Esta es oportunidad de participaci\u00f3n que debe aprovecharse plenamente, pues estamos ante una decisi\u00f3n de gran trascendencia para la democracia mexicana, reiter\u00f3 en conferencia de prensa.<\/p>\n<p>La diputada presidenta consider\u00f3 necesario que entre los aspectos que deben revisarse con sumo cuidado se encuentra, en primer lugar, el uso de conceptos amplios como \u201cinformaci\u00f3n falsa\u201d, \u201cdescontextualizada\u201d, \u201cveraz\u201d u \u201coportuna\u201d.<\/p>\n<p>\u201cSin definiciones objetivas y precisas, estos t\u00e9rminos podr\u00edan permitir que una autoridad administrativa revise contenidos period\u00edsticos y que una diferencia respecto de la versi\u00f3n oficial termine con una sanci\u00f3n\u201d, expuso.<\/p>\n<p>En segundo lugar, dijo, deben aclararse las atribuciones de la Comisi\u00f3n Reguladora de Telecomunicaciones, ante la intenci\u00f3n de que sea esta autoridad la que revise la actuaci\u00f3n de los Defensores de las Audiencias, \u201clo cual, por supuesto, ir\u00eda m\u00e1s all\u00e1 de lo establecido en la Constituci\u00f3n y en la ley\u201d.<\/p>\n<p>En tercer lugar, abund\u00f3, las reglas deben dar certeza a los ciudadanos y a los medios de comunicaci\u00f3n, sobre las sanciones, los procedimientos y los criterios que determinar\u00e1n las multas.<\/p>\n<p>\u201cNo puede ser este tema un inhibidor de la libertad expresi\u00f3n. Defender los derechos de las audiencias es una obligaci\u00f3n constitucional, pero esa protecci\u00f3n debe fortalecer \u2014nunca debe debilitar\u2014 la libertad de expresi\u00f3n, la pluralidad informativa y la autonom\u00eda editorial\u201d, alert\u00f3.<\/p>\n<p>Record\u00f3 que la consulta permanecer\u00e1 abierta hasta el 21 de agosto y puede verificarse directamente en el portal de la Comisi\u00f3n Reguladora de Telecomunicaciones.<\/p>\n<p>\u201cPor ello, desde este micr\u00f3fono, hago un llamado a la ciudadan\u00eda, a las audiencias, a las organizaciones de la sociedad civil, a las universidades, a los acad\u00e9micos, investigadores y especialistas; a los periodistas, comunicadores, concesionarios, programadores y personas defensoras de las audiencias; as\u00ed como a todos los sectores interesados, para que conozcan el proyecto, lo analicen y hagan llegar sus observaciones\u201d, convoc\u00f3.<\/p>\n<p>En otro tema, L\u00f3pez Rabad\u00e1n se\u00f1al\u00f3 que es positiva la discusi\u00f3n nacional que se est\u00e1 desarrollando sobre el impacto de las redes sociales y las plataformas digitales en ni\u00f1as, ni\u00f1os y adolescentes, e hizo un llamado a poner por delante el inter\u00e9s superior de este sector de la poblaci\u00f3n.<\/p>\n<p>\u201cSin lugar a dudas este tema es importante y tendr\u00e1 que darse la discusi\u00f3n tambi\u00e9n aqu\u00ed en la C\u00e1mara de Diputados. Recordando siempre el inter\u00e9s superior de la ni\u00f1ez, debemos construir los acuerdos suficientes para dotar a nuestra Naci\u00f3n del mejor andamiaje legal para proteger a las ni\u00f1as, a los ni\u00f1os a los adolescentes de nuestro pa\u00eds\u201d, asever\u00f3.<\/p>\n<p>La diputada presidenta se\u00f1al\u00f3 que M\u00e9xico cuenta hoy con referentes positivos en esta materia que pueden enriquecer el an\u00e1lisis nacional y destac\u00f3 que la llamada \u201cLey Kuri, impulsada por el gobernador de Quer\u00e9taro, Mauricio Kuri, ha demostrado que desde el \u00e1mbito Legislativo y Ejecutivo es posible construir soluciones en favor de ni\u00f1as, ni\u00f1os y adolescentes.<\/p>\n<p>Esta iniciativa, subray\u00f3, representa un esfuerzo por conciliar el avance tecnol\u00f3gico que vive el mundo con la protecci\u00f3n integral de la ni\u00f1ez.<\/p>\n<p>\u201cEste acierto que se est\u00e1 llevando en Quer\u00e9taro nos demuestra la importancia de, por supuesto, una discusi\u00f3n que ser\u00e1 fortalecida, con ese ejemplo, pero ahora en t\u00e9rminos nacionales\u201d, insisti\u00f3.<\/p>\n<p>Finalmente, afirm\u00f3 que el inter\u00e9s superior de la ni\u00f1ez debe orientar cualquier decisi\u00f3n, pues exige prevenir la exposici\u00f3n a contenidos da\u00f1inos, el acoso, el contacto con desconocidos y las pr\u00e1cticas tecnol\u00f3gicas que pueden favorecer un uso compulsivo de las redes.<\/p>\n<p>\u201cAl Congreso de la Uni\u00f3n corresponder\u00e1 aprobar una legislaci\u00f3n que proteja a las infancias, promueva su sano desarrollo, fortalezca el acompa\u00f1amiento de las familias y las comunidades educativas, y tambi\u00e9n, evidentemente, proteja sus datos personales y establezca responsabilidades claras para las plataformas\u201d, concluy\u00f3.<\/p>\n<p>&nbsp;<\/p>\n","protected":false},"excerpt":{"rendered":"<p>La democracia necesita audiencias protegidas y tambi\u00e9n medios libres, periodistas independientes y una sociedad con acceso a informaci\u00f3n plural \u2022\u00a0 \u00a0 Reglas deben dar certeza a<span class=\"excerpt-hellip\"> [\u2026]<\/span><\/p>\n","protected":false},"author":2,"featured_media":33232,"comment_status":"open","ping_status":"open","sticky":false,"template":"","format":"standard","meta":{"footnotes":""},"categories":[7],"tags":[],"class_list":["post-33231","post","type-post","status-publish","format-standard","has-post-thumbnail","hentry","category-nacionales"],"_links":{"self":[{"href":"https:\/\/sientetupasion.com\/index.php\/wp-json\/wp\/v2\/posts\/33231","targetHints":{"allow":["GET"]}}],"collection":[{"href":"https:\/\/sientetupasion.com\/index.php\/wp-json\/wp\/v2\/posts"}],"about":[{"href":"https:\/\/sientetupasion.com\/index.php\/wp-json\/wp\/v2\/types\/post"}],"author":[{"embeddable":true,"href":"https:\/\/sientetupasion.com\/index.php\/wp-json\/wp\/v2\/users\/2"}],"replies":[{"embeddable":true,"href":"https:\/\/sientetupasion.com\/index.php\/wp-json\/wp\/v2\/comments?post=33231"}],"version-history":[{"count":1,"href":"https:\/\/sientetupasion.com\/index.php\/wp-json\/wp\/v2\/posts\/33231\/revisions"}],"predecessor-version":[{"id":33233,"href":"https:\/\/sientetupasion.com\/index.php\/wp-json\/wp\/v2\/posts\/33231\/revisions\/33233"}],"wp:featuredmedia":[{"embeddable":true,"href":"https:\/\/sientetupasion.com\/index.php\/wp-json\/wp\/v2\/media\/33232"}],"wp:attachment":[{"href":"https:\/\/sientetupasion.com\/index.php\/wp-json\/wp\/v2\/media?parent=33231"}],"wp:term":[{"taxonomy":"category","embeddable":true,"href":"https:\/\/sientetupasion.com\/index.php\/wp-json\/wp\/v2\/categories?post=33231"},{"taxonomy":"post_tag","embeddable":true,"href":"https:\/\/sientetupasion.com\/index.php\/wp-json\/wp\/v2\/tags?post=33231"}],"curies":[{"name":"wp","href":"https:\/\/api.w.org\/{rel}","templated":true}]}}