{"id":33221,"date":"2026-08-03T21:30:22","date_gmt":"2026-08-04T03:30:22","guid":{"rendered":"https:\/\/sientetupasion.com\/?p=33221"},"modified":"2026-08-03T21:30:22","modified_gmt":"2026-08-04T03:30:22","slug":"inicia-dispersion-de-la-beca-rita-cetina-para-utiles-y-uniformes-escolares-en-primaria-presidenta-claudia-sheinbaum","status":"publish","type":"post","link":"https:\/\/sientetupasion.com\/index.php\/2026\/08\/03\/inicia-dispersion-de-la-beca-rita-cetina-para-utiles-y-uniformes-escolares-en-primaria-presidenta-claudia-sheinbaum\/","title":{"rendered":"Inicia dispersi\u00f3n de la Beca Rita Cetina para \u00fatiles y uniformes escolares en primaria: presidenta Claudia Sheinbaum"},"content":{"rendered":"<p>&nbsp;<\/p>\n<p>&nbsp;<\/p>\n<p>La Presidenta de M\u00e9xico, Claudia Sheinbaum Pardo, anunci\u00f3 que, a partir de hoy, lunes 3 de agosto, inicia la dispersi\u00f3n de la\u00a0<strong>Beca Rita Cetina de apoyo para uniformes y \u00fatiles<\/strong>, que consta de un apoyo \u00fanico de 2 mil 500 pesos anuales, en beneficio de 6 millones 694 mil 988 estudiantes de primarias p\u00fablicas, a trav\u00e9s de una inversi\u00f3n social de 16 mil 700 millones de pesos (mdp).<\/p>\n<p>\u201cA partir de hoy comienza la dispersi\u00f3n de la Beca Rita Cetina para \u00fatiles y uniformes escolares en primaria (&#8230;) Ya son millones de familias que tienen su tarjeta del Bienestar para recibir este apoyo\u201d, destac\u00f3 en la conferencia matutina: \u201cLas ma\u00f1aneras del pueblo\u201d.<\/p>\n<p>El coordinador nacional de Becas para el Bienestar, Julio Le\u00f3n Trujillo, inform\u00f3 que la dispersi\u00f3n se realizar\u00e1 de acuerdo con el siguiente calendario:<\/p>\n<ul>\n<li>Lunes 3 de agosto &#8211; A, B.<\/li>\n<li>Martes 4 de agosto &#8211; C.<\/li>\n<li>Mi\u00e9rcoles 5 de agosto &#8211; D, E, F.<\/li>\n<li>Jueves 6 de agosto &#8211; G.<\/li>\n<li>Viernes 7 de agosto &#8211; H, I, J, K, L.<\/li>\n<li>Lunes 10 de agosto &#8211; M.<\/li>\n<li>Martes 11 de agosto &#8211; N, \u00d1, O, P, Q.<\/li>\n<li>Mi\u00e9rcoles 12 de agosto &#8211; R.<\/li>\n<li>Jueves 13 de agosto &#8211; S.<\/li>\n<li>Viernes 14 de agosto &#8211; T, U, V, W, X, Y, Z.<\/li>\n<\/ul>\n<p>Detall\u00f3 que al cierre del ciclo escolar las Becas para el Bienestar alcanzan una cobertura de 19 millones 593 mil 156 becarios y becarias, con una inversi\u00f3n de 93 mil 752 millones 176 mil 250 pesos.<\/p>\n<p>En preescolar se atendieron a 176 mil 761 estudiantes, en primaria a 9 millones 502 mil 322 y en secundaria a 5 millones 281 mil 672, lo que en suma son 14 millones 960 mil 744 becarias y becarios con una inversi\u00f3n social de 62 mil 445 millones 912 mil 70 en Educaci\u00f3n B\u00e1sica.<\/p>\n<p>En Educaci\u00f3n Media Superior, la beca universal Benito Ju\u00e1rez beneficia a 4 millones 162 mil 377 becarios con una inversi\u00f3n, al cierre de agosto, de 23 mil 731 millones 481 mil 650 pesos; de J\u00f3venes Escribiendo el Futuro son 414 mil 100 beneficiarios con una inversi\u00f3n al cierre de agosto de 7 mil 256 millones 15 mil 100 pesos y en el caso del apoyo para transporte Gertrudis Bocanegra son 55 mil 924 becados de los estados con una inversi\u00f3n de 318 millones 766 mil 800 pesos.<\/p>\n<p>Respecto a la entrega de la beca Rita Cetina, puntualiz\u00f3 que han realizado 73 mil asambleas en todo el pa\u00eds, se han entregado 4.7 millones de tarjetas de una meta de 5 millones lo que representa 95.1 por ciento de avance.<\/p>\n<p>&nbsp;<\/p>\n","protected":false},"excerpt":{"rendered":"<p>&nbsp; &nbsp; La Presidenta de M\u00e9xico, Claudia Sheinbaum Pardo, anunci\u00f3 que, a partir de hoy, lunes 3 de agosto, inicia la dispersi\u00f3n de la\u00a0Beca Rita Cetina<span class=\"excerpt-hellip\"> [\u2026]<\/span><\/p>\n","protected":false},"author":2,"featured_media":33222,"comment_status":"open","ping_status":"open","sticky":false,"template":"","format":"standard","meta":{"footnotes":""},"categories":[7],"tags":[],"class_list":["post-33221","post","type-post","status-publish","format-standard","has-post-thumbnail","hentry","category-nacionales"],"_links":{"self":[{"href":"https:\/\/sientetupasion.com\/index.php\/wp-json\/wp\/v2\/posts\/33221","targetHints":{"allow":["GET"]}}],"collection":[{"href":"https:\/\/sientetupasion.com\/index.php\/wp-json\/wp\/v2\/posts"}],"about":[{"href":"https:\/\/sientetupasion.com\/index.php\/wp-json\/wp\/v2\/types\/post"}],"author":[{"embeddable":true,"href":"https:\/\/sientetupasion.com\/index.php\/wp-json\/wp\/v2\/users\/2"}],"replies":[{"embeddable":true,"href":"https:\/\/sientetupasion.com\/index.php\/wp-json\/wp\/v2\/comments?post=33221"}],"version-history":[{"count":1,"href":"https:\/\/sientetupasion.com\/index.php\/wp-json\/wp\/v2\/posts\/33221\/revisions"}],"predecessor-version":[{"id":33223,"href":"https:\/\/sientetupasion.com\/index.php\/wp-json\/wp\/v2\/posts\/33221\/revisions\/33223"}],"wp:featuredmedia":[{"embeddable":true,"href":"https:\/\/sientetupasion.com\/index.php\/wp-json\/wp\/v2\/media\/33222"}],"wp:attachment":[{"href":"https:\/\/sientetupasion.com\/index.php\/wp-json\/wp\/v2\/media?parent=33221"}],"wp:term":[{"taxonomy":"category","embeddable":true,"href":"https:\/\/sientetupasion.com\/index.php\/wp-json\/wp\/v2\/categories?post=33221"},{"taxonomy":"post_tag","embeddable":true,"href":"https:\/\/sientetupasion.com\/index.php\/wp-json\/wp\/v2\/tags?post=33221"}],"curies":[{"name":"wp","href":"https:\/\/api.w.org\/{rel}","templated":true}]}}