{"id":33185,"date":"2026-08-03T20:17:20","date_gmt":"2026-08-04T02:17:20","guid":{"rendered":"https:\/\/sientetupasion.com\/?p=33185"},"modified":"2026-08-03T20:17:20","modified_gmt":"2026-08-04T02:17:20","slug":"inicia-en-jerez-la-quinta-generacion-del-escuadron-infantil-para-fortalecer-la-cultura-de-la-prevencion","status":"publish","type":"post","link":"https:\/\/sientetupasion.com\/index.php\/2026\/08\/03\/inicia-en-jerez-la-quinta-generacion-del-escuadron-infantil-para-fortalecer-la-cultura-de-la-prevencion\/","title":{"rendered":"Inicia en Jerez la quinta generaci\u00f3n del Escuadr\u00f3n Infantil para fortalecer la cultura de la prevenci\u00f3n"},"content":{"rendered":"<h1><\/h1>\n<p class=\"isSelectedEnd\"><strong>Jerez, Zacatecas.<\/strong> El Gobierno Municipal de Jerez, a trav\u00e9s del \u00e1rea de <strong>Prevenci\u00f3n del Delito<\/strong> de la Direcci\u00f3n de Seguridad P\u00fablica Municipal, dio inicio a la <strong>quinta generaci\u00f3n del Curso de Verano del Escuadr\u00f3n Infantil<\/strong>, un programa que busca fortalecer la formaci\u00f3n c\u00edvica, la cultura de la prevenci\u00f3n y la proximidad entre las instituciones de seguridad y la ni\u00f1ez jerezana.<\/p>\n<p class=\"isSelectedEnd\">En representaci\u00f3n del presidente municipal, <strong>Rodrigo Ure\u00f1o Ba\u00f1uelos<\/strong>, el secretario de Gobierno, <strong>Samuel Berumen de la Torre<\/strong>, encabez\u00f3 la ceremonia inaugural, donde dio la bienvenida a las y los participantes y destac\u00f3 que este tipo de actividades contribuyen a fomentar valores, disciplina, trabajo en equipo y confianza entre la ciudadan\u00eda y las corporaciones de seguridad desde una edad temprana.<\/p>\n<p class=\"isSelectedEnd\">Al acto tambi\u00e9n asistieron el director de Seguridad P\u00fablica Municipal, <strong>Joan Mandujano<\/strong>; el coordinador de Protecci\u00f3n Civil Jerez, <strong>Uriel Aguilera<\/strong>; el regidor <strong>Javier Cabral<\/strong> y las instructoras responsables del curso, quienes acompa\u00f1aron a las ni\u00f1as y ni\u00f1os en el inicio de esta nueva etapa de aprendizaje.<\/p>\n<p class=\"isSelectedEnd\">Como parte de la primera jornada, las y los cadetes participaron en la conformaci\u00f3n de pelotones, conocieron el reglamento que regir\u00e1 las actividades del escuadr\u00f3n y realizaron la din\u00e1mica <strong>&#8220;El \u00c1rbol de los Valores&#8221;<\/strong>, mediante la cual reflexionaron sobre la importancia del respeto, la responsabilidad, la solidaridad y otros principios fundamentales para la convivencia.<\/p>\n<p class=\"isSelectedEnd\">Asimismo, recibieron instrucci\u00f3n b\u00e1sica de <strong>orden cerrado<\/strong> y, organizados por equipos, elaboraron el escudo que identificar\u00e1 a cada pelot\u00f3n, fortaleciendo el sentido de pertenencia, la colaboraci\u00f3n y el compa\u00f1erismo entre las y los participantes.<\/p>\n<p>La <strong>quinta generaci\u00f3n del Escuadr\u00f3n Infantil<\/strong> est\u00e1 integrada por <strong>30 ni\u00f1as y ni\u00f1os de entre 6 y 12 a\u00f1os de edad<\/strong>, quienes estar\u00e1n acompa\u00f1ados por cuatro instructoras durante el desarrollo del curso. Con estas acciones, el Gobierno Municipal de Jerez reafirma su compromiso de impulsar programas preventivos que promuevan la formaci\u00f3n de ni\u00f1as y ni\u00f1os con valores, responsabilidad social y una cultura de paz.<\/p>\n","protected":false},"excerpt":{"rendered":"<p>Jerez, Zacatecas. El Gobierno Municipal de Jerez, a trav\u00e9s del \u00e1rea de Prevenci\u00f3n del Delito de la Direcci\u00f3n de Seguridad P\u00fablica Municipal, dio inicio a la<span class=\"excerpt-hellip\"> [\u2026]<\/span><\/p>\n","protected":false},"author":2,"featured_media":33186,"comment_status":"open","ping_status":"open","sticky":false,"template":"","format":"standard","meta":{"footnotes":""},"categories":[28],"tags":[],"class_list":["post-33185","post","type-post","status-publish","format-standard","has-post-thumbnail","hentry","category-jerez"],"_links":{"self":[{"href":"https:\/\/sientetupasion.com\/index.php\/wp-json\/wp\/v2\/posts\/33185","targetHints":{"allow":["GET"]}}],"collection":[{"href":"https:\/\/sientetupasion.com\/index.php\/wp-json\/wp\/v2\/posts"}],"about":[{"href":"https:\/\/sientetupasion.com\/index.php\/wp-json\/wp\/v2\/types\/post"}],"author":[{"embeddable":true,"href":"https:\/\/sientetupasion.com\/index.php\/wp-json\/wp\/v2\/users\/2"}],"replies":[{"embeddable":true,"href":"https:\/\/sientetupasion.com\/index.php\/wp-json\/wp\/v2\/comments?post=33185"}],"version-history":[{"count":1,"href":"https:\/\/sientetupasion.com\/index.php\/wp-json\/wp\/v2\/posts\/33185\/revisions"}],"predecessor-version":[{"id":33187,"href":"https:\/\/sientetupasion.com\/index.php\/wp-json\/wp\/v2\/posts\/33185\/revisions\/33187"}],"wp:featuredmedia":[{"embeddable":true,"href":"https:\/\/sientetupasion.com\/index.php\/wp-json\/wp\/v2\/media\/33186"}],"wp:attachment":[{"href":"https:\/\/sientetupasion.com\/index.php\/wp-json\/wp\/v2\/media?parent=33185"}],"wp:term":[{"taxonomy":"category","embeddable":true,"href":"https:\/\/sientetupasion.com\/index.php\/wp-json\/wp\/v2\/categories?post=33185"},{"taxonomy":"post_tag","embeddable":true,"href":"https:\/\/sientetupasion.com\/index.php\/wp-json\/wp\/v2\/tags?post=33185"}],"curies":[{"name":"wp","href":"https:\/\/api.w.org\/{rel}","templated":true}]}}