{"id":33182,"date":"2026-08-03T20:15:36","date_gmt":"2026-08-04T02:15:36","guid":{"rendered":"https:\/\/sientetupasion.com\/?p=33182"},"modified":"2026-08-03T20:15:36","modified_gmt":"2026-08-04T02:15:36","slug":"con-musica-tradicion-y-gran-participacion-concluye-el-14-o-festival-de-la-tostada-2026-en-jerez","status":"publish","type":"post","link":"https:\/\/sientetupasion.com\/index.php\/2026\/08\/03\/con-musica-tradicion-y-gran-participacion-concluye-el-14-o-festival-de-la-tostada-2026-en-jerez\/","title":{"rendered":"Con m\u00fasica, tradici\u00f3n y gran participaci\u00f3n concluye el 14.\u00ba Festival de la Tostada 2026 en Jerez"},"content":{"rendered":"<h1><\/h1>\n<p class=\"isSelectedEnd\"><strong>Jerez, Zacatecas.<\/strong> Con una noche llena de m\u00fasica regional mexicana y un ambiente de convivencia familiar frente al Jard\u00edn Principal, el Gobierno Municipal de Jerez clausur\u00f3 con \u00e9xito el <strong>14.\u00ba Festival de la Tostada 2026<\/strong>, celebraci\u00f3n que durante dos d\u00edas reuni\u00f3 a cientos de jerezanas, jerezanos y visitantes para disfrutar de una de las tradiciones gastron\u00f3micas m\u00e1s representativas del municipio.<\/p>\n<p class=\"isSelectedEnd\">El presidente municipal, <strong>Rodrigo Ure\u00f1o Ba\u00f1uelos<\/strong>, encabez\u00f3 la ceremonia de clausura acompa\u00f1ado por la regidora <strong>Haraydee Lozano<\/strong> y la jefa del Departamento de Turismo, <strong>Selene Mu\u00f1oz<\/strong>, quienes hicieron entrega de reconocimientos a las agrupaciones <strong>M\u00e1xima Guardia<\/strong>, <strong>Los Elegi2 de Jerez<\/strong> y <strong>El Nono<\/strong>, en agradecimiento por su destacada participaci\u00f3n en el programa art\u00edstico del festival.<\/p>\n<p class=\"isSelectedEnd\">Durante su mensaje, el alcalde destac\u00f3 el esfuerzo de las y los tostaderos, organizadores, artistas, comerciantes y ciudadan\u00eda que hicieron posible el \u00e9xito de esta edici\u00f3n, se\u00f1alando que el Festival de la Tostada se ha consolidado como un escaparate para promover la gastronom\u00eda local, fortalecer el turismo y preservar las tradiciones que forman parte de la identidad de Jerez.<\/p>\n<p class=\"isSelectedEnd\">Uno de los momentos m\u00e1s significativos de la velada fue el <strong>debut oficial de la agrupaci\u00f3n Los Elegi2 de Jerez<\/strong>, anteriormente conocida como <strong>Los Elegantes de Jerez<\/strong>, que present\u00f3 por primera vez su nueva etapa art\u00edstica ante el p\u00fablico, recibiendo una c\u00e1lida respuesta de los asistentes.<\/p>\n<p class=\"isSelectedEnd\">La jornada de clausura reuni\u00f3 a familias completas que disfrutaron de la m\u00fasica en vivo y de un ambiente de sana convivencia, reafirmando el car\u00e1cter familiar de este festival, que a\u00f1o con a\u00f1o fortalece el sentido de pertenencia y promueve el talento art\u00edstico y gastron\u00f3mico del municipio.<\/p>\n<p>Con la conclusi\u00f3n del <strong>14.\u00ba Festival de la Tostada 2026<\/strong>, el Gobierno Municipal de Jerez refrend\u00f3 su compromiso de seguir impulsando eventos que fortalezcan la cultura, el turismo y las tradiciones, consolidando espacios que proyectan la riqueza gastron\u00f3mica y art\u00edstica de Jerez dentro y fuera de Zacatecas.<\/p>\n","protected":false},"excerpt":{"rendered":"<p>Jerez, Zacatecas. Con una noche llena de m\u00fasica regional mexicana y un ambiente de convivencia familiar frente al Jard\u00edn Principal, el Gobierno Municipal de Jerez clausur\u00f3<span class=\"excerpt-hellip\"> [\u2026]<\/span><\/p>\n","protected":false},"author":2,"featured_media":33183,"comment_status":"open","ping_status":"open","sticky":false,"template":"","format":"standard","meta":{"footnotes":""},"categories":[28],"tags":[],"class_list":["post-33182","post","type-post","status-publish","format-standard","has-post-thumbnail","hentry","category-jerez"],"_links":{"self":[{"href":"https:\/\/sientetupasion.com\/index.php\/wp-json\/wp\/v2\/posts\/33182","targetHints":{"allow":["GET"]}}],"collection":[{"href":"https:\/\/sientetupasion.com\/index.php\/wp-json\/wp\/v2\/posts"}],"about":[{"href":"https:\/\/sientetupasion.com\/index.php\/wp-json\/wp\/v2\/types\/post"}],"author":[{"embeddable":true,"href":"https:\/\/sientetupasion.com\/index.php\/wp-json\/wp\/v2\/users\/2"}],"replies":[{"embeddable":true,"href":"https:\/\/sientetupasion.com\/index.php\/wp-json\/wp\/v2\/comments?post=33182"}],"version-history":[{"count":1,"href":"https:\/\/sientetupasion.com\/index.php\/wp-json\/wp\/v2\/posts\/33182\/revisions"}],"predecessor-version":[{"id":33184,"href":"https:\/\/sientetupasion.com\/index.php\/wp-json\/wp\/v2\/posts\/33182\/revisions\/33184"}],"wp:featuredmedia":[{"embeddable":true,"href":"https:\/\/sientetupasion.com\/index.php\/wp-json\/wp\/v2\/media\/33183"}],"wp:attachment":[{"href":"https:\/\/sientetupasion.com\/index.php\/wp-json\/wp\/v2\/media?parent=33182"}],"wp:term":[{"taxonomy":"category","embeddable":true,"href":"https:\/\/sientetupasion.com\/index.php\/wp-json\/wp\/v2\/categories?post=33182"},{"taxonomy":"post_tag","embeddable":true,"href":"https:\/\/sientetupasion.com\/index.php\/wp-json\/wp\/v2\/tags?post=33182"}],"curies":[{"name":"wp","href":"https:\/\/api.w.org\/{rel}","templated":true}]}}