{"id":33179,"date":"2026-08-03T20:14:05","date_gmt":"2026-08-04T02:14:05","guid":{"rendered":"https:\/\/sientetupasion.com\/?p=33179"},"modified":"2026-08-03T20:14:05","modified_gmt":"2026-08-04T02:14:05","slug":"tradicion-y-sabor-distinguen-al-14-o-festival-de-la-tostada-2026-en-jerez","status":"publish","type":"post","link":"https:\/\/sientetupasion.com\/index.php\/2026\/08\/03\/tradicion-y-sabor-distinguen-al-14-o-festival-de-la-tostada-2026-en-jerez\/","title":{"rendered":"Tradici\u00f3n y sabor distinguen al 14.\u00ba Festival de la Tostada 2026 en Jerez"},"content":{"rendered":"<h1><\/h1>\n<p class=\"isSelectedEnd\"><strong>Jerez, Zacatecas.<\/strong> En un ambiente de fiesta, convivencia familiar y promoci\u00f3n de la gastronom\u00eda local, el Gobierno Municipal de Jerez llev\u00f3 a cabo los tradicionales concursos del <strong>14.\u00ba Festival de la Tostada 2026<\/strong>, una de las actividades m\u00e1s representativas de esta celebraci\u00f3n que reconoce el talento y la creatividad de las y los tostaderos del municipio.<\/p>\n<p class=\"isSelectedEnd\">El presidente municipal, <strong>Rodrigo Ure\u00f1o Ba\u00f1uelos<\/strong>, acompa\u00f1ado por el jurado integrado por la diputada local <strong>Dayanne Cruz<\/strong>, <strong>Amelia del Roc\u00edo Carrillo<\/strong> y <strong>Nide Garc\u00eda<\/strong>, recorri\u00f3 los distintos estands participantes para evaluar las propuestas culinarias y emitir el veredicto en las categor\u00edas de <strong>Mejor Salsa<\/strong>, <strong>Mejor Tostada<\/strong>, <strong>Comelones y Comelonas<\/strong>, adem\u00e1s del concurso infantil <strong>Salseritos<\/strong>.<\/p>\n<p class=\"isSelectedEnd\">En la categor\u00eda de <strong>Mejor Salsa<\/strong>, el primer lugar fue para <strong>Tostadas Andy<\/strong>, seguido de <strong>Tostadas Samy<\/strong> en la segunda posici\u00f3n y <strong>El Wero<\/strong> en el tercer sitio. Mientras tanto, en el concurso de <strong>Mejor Tostada<\/strong>, el primer lugar correspondi\u00f3 a <strong>El Primo<\/strong>, el segundo a <strong>Tostadas Samy<\/strong> y el tercero a <strong>Tostadas Venegas<\/strong>, quienes fueron reconocidos por el sabor, la presentaci\u00f3n y la calidad de sus productos.<\/p>\n<p class=\"isSelectedEnd\">Uno de los momentos m\u00e1s esperados por el p\u00fablico fue el <strong>Concurso de Comelones y Comelonas<\/strong>, que cont\u00f3 con la presencia de la regidora <strong>Haraydee Lozano<\/strong>. En esta divertida competencia, <strong>Leonel<\/strong> y <strong>Gisela<\/strong> se proclamaron ganadores de las categor\u00edas varonil y femenil, respectivamente, entre los aplausos de los asistentes.<\/p>\n<p class=\"isSelectedEnd\">En representaci\u00f3n del alcalde, la jefa del Departamento de Turismo, <strong>Selene Mu\u00f1oz<\/strong>, encabez\u00f3 la ceremonia de premiaci\u00f3n, donde felicit\u00f3 a las y los ganadores por su entusiasmo y agradeci\u00f3 la participaci\u00f3n de los tostaderos, expositores y visitantes, quienes hicieron posible el \u00e9xito de esta edici\u00f3n del festival.<\/p>\n<p>Con actividades como el <strong>Festival de la Tostada<\/strong>, el Gobierno Municipal de Jerez contin\u00faa fortaleciendo la identidad gastron\u00f3mica del municipio, impulsando el turismo, promoviendo el consumo local y preservando una tradici\u00f3n que a\u00f1o con a\u00f1o re\u00fane a familias, visitantes y comerciantes para celebrar uno de los platillos m\u00e1s emblem\u00e1ticos de la regi\u00f3n.<\/p>\n","protected":false},"excerpt":{"rendered":"<p>Jerez, Zacatecas. En un ambiente de fiesta, convivencia familiar y promoci\u00f3n de la gastronom\u00eda local, el Gobierno Municipal de Jerez llev\u00f3 a cabo los tradicionales concursos<span class=\"excerpt-hellip\"> [\u2026]<\/span><\/p>\n","protected":false},"author":2,"featured_media":33180,"comment_status":"open","ping_status":"open","sticky":false,"template":"","format":"standard","meta":{"footnotes":""},"categories":[28],"tags":[],"class_list":["post-33179","post","type-post","status-publish","format-standard","has-post-thumbnail","hentry","category-jerez"],"_links":{"self":[{"href":"https:\/\/sientetupasion.com\/index.php\/wp-json\/wp\/v2\/posts\/33179","targetHints":{"allow":["GET"]}}],"collection":[{"href":"https:\/\/sientetupasion.com\/index.php\/wp-json\/wp\/v2\/posts"}],"about":[{"href":"https:\/\/sientetupasion.com\/index.php\/wp-json\/wp\/v2\/types\/post"}],"author":[{"embeddable":true,"href":"https:\/\/sientetupasion.com\/index.php\/wp-json\/wp\/v2\/users\/2"}],"replies":[{"embeddable":true,"href":"https:\/\/sientetupasion.com\/index.php\/wp-json\/wp\/v2\/comments?post=33179"}],"version-history":[{"count":1,"href":"https:\/\/sientetupasion.com\/index.php\/wp-json\/wp\/v2\/posts\/33179\/revisions"}],"predecessor-version":[{"id":33181,"href":"https:\/\/sientetupasion.com\/index.php\/wp-json\/wp\/v2\/posts\/33179\/revisions\/33181"}],"wp:featuredmedia":[{"embeddable":true,"href":"https:\/\/sientetupasion.com\/index.php\/wp-json\/wp\/v2\/media\/33180"}],"wp:attachment":[{"href":"https:\/\/sientetupasion.com\/index.php\/wp-json\/wp\/v2\/media?parent=33179"}],"wp:term":[{"taxonomy":"category","embeddable":true,"href":"https:\/\/sientetupasion.com\/index.php\/wp-json\/wp\/v2\/categories?post=33179"},{"taxonomy":"post_tag","embeddable":true,"href":"https:\/\/sientetupasion.com\/index.php\/wp-json\/wp\/v2\/tags?post=33179"}],"curies":[{"name":"wp","href":"https:\/\/api.w.org\/{rel}","templated":true}]}}