{"id":33176,"date":"2026-08-03T20:12:17","date_gmt":"2026-08-04T02:12:17","guid":{"rendered":"https:\/\/sientetupasion.com\/?p=33176"},"modified":"2026-08-03T20:12:17","modified_gmt":"2026-08-04T02:12:17","slug":"calera-fortalece-el-respaldo-a-su-comunidad-migrante-durante-la-semana-del-migrante-calerense-2026","status":"publish","type":"post","link":"https:\/\/sientetupasion.com\/index.php\/2026\/08\/03\/calera-fortalece-el-respaldo-a-su-comunidad-migrante-durante-la-semana-del-migrante-calerense-2026\/","title":{"rendered":"Calera fortalece el respaldo a su comunidad migrante durante la Semana del Migrante Calerense 2026"},"content":{"rendered":"<h1><\/h1>\n<p class=\"isSelectedEnd\"><strong>Calera, Zacatecas.<\/strong> En el marco de la <strong>Semana del Migrante Calerense 2026<\/strong>, el Gobierno Municipal llev\u00f3 a cabo una serie de actividades encaminadas a fortalecer los v\u00ednculos con las y los calerenses que radican fuera del pa\u00eds, as\u00ed como a impulsar el desarrollo econ\u00f3mico y el talento local.<\/p>\n<p class=\"isSelectedEnd\">Como parte de la jornada, se celebr\u00f3 una <strong>Sesi\u00f3n Extraordinaria de Cabildo<\/strong>, en la que se present\u00f3, discuti\u00f3 y aprob\u00f3 una <strong>Iniciativa de Punto de Acuerdo<\/strong> que faculta la implementaci\u00f3n de acciones, esquemas de vinculaci\u00f3n y mecanismos orientados a la protecci\u00f3n de los derechos de las personas migrantes. Asimismo, las autoridades municipales dieron a conocer los avances del programa <strong>&#8220;Dos por Uno para Migrantes&#8221;<\/strong>, estrategia que busca fortalecer la colaboraci\u00f3n entre los distintos \u00f3rdenes de gobierno y la comunidad migrante para impulsar proyectos de beneficio social.<\/p>\n<p class=\"isSelectedEnd\">Posteriormente, autoridades y asistentes recorrieron el <strong>Corredor Gastron\u00f3mico y Artesanal<\/strong> y el <strong>Bazar del Emprendimiento Joven<\/strong>, espacios que permitieron exhibir el talento, la creatividad y el esfuerzo de productores, artesanos y j\u00f3venes emprendedores calerenses, quienes presentaron una amplia variedad de productos y propuestas innovadoras.<\/p>\n<p class=\"isSelectedEnd\">Estas actividades se consolidaron como un punto de encuentro entre la ciudadan\u00eda y los emprendedores locales, fomentando el consumo de productos elaborados en el municipio y generando oportunidades para fortalecer la econom\u00eda regional.<\/p>\n<p class=\"isSelectedEnd\">El Gobierno Municipal destac\u00f3 que continuar\u00e1 promoviendo iniciativas que impulsen el desarrollo econ\u00f3mico, el emprendimiento y la participaci\u00f3n de la comunidad migrante, reconociendo la importante contribuci\u00f3n que las y los calerenses en el extranjero realizan para el crecimiento del municipio.<\/p>\n<p>Con estas acciones concluye la <strong>Semana del Migrante Calerense 2026<\/strong>, reafirmando el compromiso de la administraci\u00f3n municipal de mantener una relaci\u00f3n cercana con su comunidad migrante, proteger sus derechos y generar espacios que fortalezcan el bienestar, la identidad y el progreso de Calera.<\/p>\n","protected":false},"excerpt":{"rendered":"<p>Calera, Zacatecas. En el marco de la Semana del Migrante Calerense 2026, el Gobierno Municipal llev\u00f3 a cabo una serie de actividades encaminadas a fortalecer los<span class=\"excerpt-hellip\"> [\u2026]<\/span><\/p>\n","protected":false},"author":2,"featured_media":33177,"comment_status":"open","ping_status":"open","sticky":false,"template":"","format":"standard","meta":{"footnotes":""},"categories":[24],"tags":[],"class_list":["post-33176","post","type-post","status-publish","format-standard","has-post-thumbnail","hentry","category-calera"],"_links":{"self":[{"href":"https:\/\/sientetupasion.com\/index.php\/wp-json\/wp\/v2\/posts\/33176","targetHints":{"allow":["GET"]}}],"collection":[{"href":"https:\/\/sientetupasion.com\/index.php\/wp-json\/wp\/v2\/posts"}],"about":[{"href":"https:\/\/sientetupasion.com\/index.php\/wp-json\/wp\/v2\/types\/post"}],"author":[{"embeddable":true,"href":"https:\/\/sientetupasion.com\/index.php\/wp-json\/wp\/v2\/users\/2"}],"replies":[{"embeddable":true,"href":"https:\/\/sientetupasion.com\/index.php\/wp-json\/wp\/v2\/comments?post=33176"}],"version-history":[{"count":1,"href":"https:\/\/sientetupasion.com\/index.php\/wp-json\/wp\/v2\/posts\/33176\/revisions"}],"predecessor-version":[{"id":33178,"href":"https:\/\/sientetupasion.com\/index.php\/wp-json\/wp\/v2\/posts\/33176\/revisions\/33178"}],"wp:featuredmedia":[{"embeddable":true,"href":"https:\/\/sientetupasion.com\/index.php\/wp-json\/wp\/v2\/media\/33177"}],"wp:attachment":[{"href":"https:\/\/sientetupasion.com\/index.php\/wp-json\/wp\/v2\/media?parent=33176"}],"wp:term":[{"taxonomy":"category","embeddable":true,"href":"https:\/\/sientetupasion.com\/index.php\/wp-json\/wp\/v2\/categories?post=33176"},{"taxonomy":"post_tag","embeddable":true,"href":"https:\/\/sientetupasion.com\/index.php\/wp-json\/wp\/v2\/tags?post=33176"}],"curies":[{"name":"wp","href":"https:\/\/api.w.org\/{rel}","templated":true}]}}