{"id":33173,"date":"2026-08-03T20:10:27","date_gmt":"2026-08-04T02:10:27","guid":{"rendered":"https:\/\/sientetupasion.com\/?p=33173"},"modified":"2026-08-03T20:10:27","modified_gmt":"2026-08-04T02:10:27","slug":"con-gran-exito-concluye-el-festival-del-folclor-internacional-calera-2026","status":"publish","type":"post","link":"https:\/\/sientetupasion.com\/index.php\/2026\/08\/03\/con-gran-exito-concluye-el-festival-del-folclor-internacional-calera-2026\/","title":{"rendered":"Con gran \u00e9xito concluye el Festival del Folclor Internacional Calera 2026"},"content":{"rendered":"<h1><\/h1>\n<p class=\"isSelectedEnd\"><strong>Calera, Zacatecas.<\/strong> Con una extraordinaria presentaci\u00f3n del <strong>Ballet Folcl\u00f3rico &#8220;Aguanaval&#8221; de R\u00edo Grande<\/strong>, concluy\u00f3 con gran \u00e9xito el <strong>Festival del Folclor Internacional Calera 2026<\/strong>, una celebraci\u00f3n que durante varios d\u00edas reuni\u00f3 a cientos de familias para disfrutar de la riqueza cultural, art\u00edstica y tradicional de M\u00e9xico y del mundo.<\/p>\n<p class=\"isSelectedEnd\">El espect\u00e1culo de clausura llen\u00f3 el escenario de m\u00fasica, color y talento, ofreciendo al p\u00fablico un recorrido por diversas estampas folcl\u00f3ricas que fueron ampliamente reconocidas por las y los asistentes, quienes respondieron con c\u00e1lidos aplausos al cierre de esta importante fiesta cultural.<\/p>\n<p class=\"isSelectedEnd\">Durante toda la semana, el festival cont\u00f3 con la participaci\u00f3n de agrupaciones municipales, estatales, nacionales e internacionales, consolid\u00e1ndose como un espacio de encuentro donde la danza y la m\u00fasica fortalecieron la convivencia familiar y promovieron el intercambio cultural entre los pueblos.<\/p>\n<p class=\"isSelectedEnd\">El Gobierno Municipal de Calera agradeci\u00f3 a todas las familias que formaron parte de las actividades programadas, as\u00ed como a las compa\u00f1\u00edas participantes, organizadores y colaboradores que hicieron posible el desarrollo exitoso de este evento.<\/p>\n<p class=\"isSelectedEnd\">Las autoridades destacaron que este tipo de festivales contribuyen a preservar las tradiciones, fortalecer la identidad cultural y acercar expresiones art\u00edsticas de gran calidad a la ciudadan\u00eda, impulsando adem\u00e1s el turismo y la participaci\u00f3n comunitaria.<\/p>\n<p>Con el cierre del <strong>Festival del Folclor Internacional Calera 2026<\/strong>, el Ayuntamiento reafirma su compromiso de continuar promoviendo la cultura como una herramienta para fortalecer el tejido social, convencido de que <strong>hacer de la cultura el mejor aliado<\/strong> permite construir comunidades m\u00e1s unidas, orgullosas de sus ra\u00edces y comprometidas con la preservaci\u00f3n de su patrimonio.<\/p>\n","protected":false},"excerpt":{"rendered":"<p>Calera, Zacatecas. Con una extraordinaria presentaci\u00f3n del Ballet Folcl\u00f3rico &#8220;Aguanaval&#8221; de R\u00edo Grande, concluy\u00f3 con gran \u00e9xito el Festival del Folclor Internacional Calera 2026, una celebraci\u00f3n<span class=\"excerpt-hellip\"> [\u2026]<\/span><\/p>\n","protected":false},"author":2,"featured_media":33174,"comment_status":"open","ping_status":"open","sticky":false,"template":"","format":"standard","meta":{"footnotes":""},"categories":[24],"tags":[],"class_list":["post-33173","post","type-post","status-publish","format-standard","has-post-thumbnail","hentry","category-calera"],"_links":{"self":[{"href":"https:\/\/sientetupasion.com\/index.php\/wp-json\/wp\/v2\/posts\/33173","targetHints":{"allow":["GET"]}}],"collection":[{"href":"https:\/\/sientetupasion.com\/index.php\/wp-json\/wp\/v2\/posts"}],"about":[{"href":"https:\/\/sientetupasion.com\/index.php\/wp-json\/wp\/v2\/types\/post"}],"author":[{"embeddable":true,"href":"https:\/\/sientetupasion.com\/index.php\/wp-json\/wp\/v2\/users\/2"}],"replies":[{"embeddable":true,"href":"https:\/\/sientetupasion.com\/index.php\/wp-json\/wp\/v2\/comments?post=33173"}],"version-history":[{"count":1,"href":"https:\/\/sientetupasion.com\/index.php\/wp-json\/wp\/v2\/posts\/33173\/revisions"}],"predecessor-version":[{"id":33175,"href":"https:\/\/sientetupasion.com\/index.php\/wp-json\/wp\/v2\/posts\/33173\/revisions\/33175"}],"wp:featuredmedia":[{"embeddable":true,"href":"https:\/\/sientetupasion.com\/index.php\/wp-json\/wp\/v2\/media\/33174"}],"wp:attachment":[{"href":"https:\/\/sientetupasion.com\/index.php\/wp-json\/wp\/v2\/media?parent=33173"}],"wp:term":[{"taxonomy":"category","embeddable":true,"href":"https:\/\/sientetupasion.com\/index.php\/wp-json\/wp\/v2\/categories?post=33173"},{"taxonomy":"post_tag","embeddable":true,"href":"https:\/\/sientetupasion.com\/index.php\/wp-json\/wp\/v2\/tags?post=33173"}],"curies":[{"name":"wp","href":"https:\/\/api.w.org\/{rel}","templated":true}]}}