{"id":33170,"date":"2026-08-03T20:08:58","date_gmt":"2026-08-04T02:08:58","guid":{"rendered":"https:\/\/sientetupasion.com\/?p=33170"},"modified":"2026-08-03T20:08:58","modified_gmt":"2026-08-04T02:08:58","slug":"ballet-folclorico-magisterial-de-zacatecas-engalana-el-festival-del-folclor-internacional-calera-2026","status":"publish","type":"post","link":"https:\/\/sientetupasion.com\/index.php\/2026\/08\/03\/ballet-folclorico-magisterial-de-zacatecas-engalana-el-festival-del-folclor-internacional-calera-2026\/","title":{"rendered":"Ballet Folcl\u00f3rico Magisterial de Zacatecas engalana el Festival del Folclor Internacional Calera 2026"},"content":{"rendered":"<h1><\/h1>\n<p class=\"isSelectedEnd\"><strong>Calera, Zacatecas.<\/strong> El escenario del <strong>Festival del Folclor Internacional Calera 2026<\/strong> se llen\u00f3 de m\u00fasica, color y tradici\u00f3n con la destacada presentaci\u00f3n del <strong>Ballet Folcl\u00f3rico Magisterial del Estado de Zacatecas<\/strong>, que cautiv\u00f3 al p\u00fablico con un espect\u00e1culo representativo de la riqueza cultural del estado.<\/p>\n<p class=\"isSelectedEnd\">A trav\u00e9s de vistosas coreograf\u00edas, coloridos vestuarios y una interpretaci\u00f3n llena de talento, la agrupaci\u00f3n comparti\u00f3 con las familias calerenses un recorrido por las expresiones m\u00e1s emblem\u00e1ticas del folclor mexicano, reafirmando la importancia de preservar y difundir las tradiciones que forman parte de la identidad nacional.<\/p>\n<p class=\"isSelectedEnd\">Decenas de asistentes disfrutaron de una noche de convivencia en la que la danza se convirti\u00f3 en el principal v\u00ednculo entre generaciones, consolidando al festival como uno de los espacios culturales m\u00e1s importantes del municipio.<\/p>\n<p class=\"isSelectedEnd\">El Gobierno Municipal de Calera destac\u00f3 la participaci\u00f3n del Ballet Folcl\u00f3rico Magisterial y agradeci\u00f3 la respuesta de la ciudadan\u00eda, que contin\u00faa respaldando este encuentro art\u00edstico que re\u00fane a agrupaciones locales, nacionales e internacionales.<\/p>\n<p class=\"isSelectedEnd\">El <strong>Festival del Folclor Internacional Calera 2026<\/strong> contin\u00faa ofreciendo una variada programaci\u00f3n para toda la familia, promoviendo el intercambio cultural y fortaleciendo el orgullo por las ra\u00edces y tradiciones que distinguen a M\u00e9xico.<\/p>\n<p>Con estas actividades, el Ayuntamiento de Calera reafirma su compromiso de impulsar la cultura, fomentar la participaci\u00f3n ciudadana y generar espacios que fortalezcan la identidad, la convivencia y el patrimonio cultural de las y los calerenses.<\/p>\n","protected":false},"excerpt":{"rendered":"<p>Calera, Zacatecas. El escenario del Festival del Folclor Internacional Calera 2026 se llen\u00f3 de m\u00fasica, color y tradici\u00f3n con la destacada presentaci\u00f3n del Ballet Folcl\u00f3rico Magisterial<span class=\"excerpt-hellip\"> [\u2026]<\/span><\/p>\n","protected":false},"author":2,"featured_media":33171,"comment_status":"open","ping_status":"open","sticky":false,"template":"","format":"standard","meta":{"footnotes":""},"categories":[24],"tags":[],"class_list":["post-33170","post","type-post","status-publish","format-standard","has-post-thumbnail","hentry","category-calera"],"_links":{"self":[{"href":"https:\/\/sientetupasion.com\/index.php\/wp-json\/wp\/v2\/posts\/33170","targetHints":{"allow":["GET"]}}],"collection":[{"href":"https:\/\/sientetupasion.com\/index.php\/wp-json\/wp\/v2\/posts"}],"about":[{"href":"https:\/\/sientetupasion.com\/index.php\/wp-json\/wp\/v2\/types\/post"}],"author":[{"embeddable":true,"href":"https:\/\/sientetupasion.com\/index.php\/wp-json\/wp\/v2\/users\/2"}],"replies":[{"embeddable":true,"href":"https:\/\/sientetupasion.com\/index.php\/wp-json\/wp\/v2\/comments?post=33170"}],"version-history":[{"count":1,"href":"https:\/\/sientetupasion.com\/index.php\/wp-json\/wp\/v2\/posts\/33170\/revisions"}],"predecessor-version":[{"id":33172,"href":"https:\/\/sientetupasion.com\/index.php\/wp-json\/wp\/v2\/posts\/33170\/revisions\/33172"}],"wp:featuredmedia":[{"embeddable":true,"href":"https:\/\/sientetupasion.com\/index.php\/wp-json\/wp\/v2\/media\/33171"}],"wp:attachment":[{"href":"https:\/\/sientetupasion.com\/index.php\/wp-json\/wp\/v2\/media?parent=33170"}],"wp:term":[{"taxonomy":"category","embeddable":true,"href":"https:\/\/sientetupasion.com\/index.php\/wp-json\/wp\/v2\/categories?post=33170"},{"taxonomy":"post_tag","embeddable":true,"href":"https:\/\/sientetupasion.com\/index.php\/wp-json\/wp\/v2\/tags?post=33170"}],"curies":[{"name":"wp","href":"https:\/\/api.w.org\/{rel}","templated":true}]}}