{"id":33160,"date":"2026-07-30T14:45:35","date_gmt":"2026-07-30T20:45:35","guid":{"rendered":"https:\/\/sientetupasion.com\/?p=33160"},"modified":"2026-08-01T15:00:09","modified_gmt":"2026-08-01T21:00:09","slug":"ballet-folclorico-odami-cautiva-al-publico-durante-el-festival-del-folclor-internacional-calera-2026","status":"publish","type":"post","link":"https:\/\/sientetupasion.com\/index.php\/2026\/07\/30\/ballet-folclorico-odami-cautiva-al-publico-durante-el-festival-del-folclor-internacional-calera-2026\/","title":{"rendered":"Ballet Folcl\u00f3rico ODAMI cautiva al p\u00fablico durante el Festival del Folclor Internacional Calera 2026"},"content":{"rendered":"<h1><\/h1>\n<p class=\"isSelectedEnd\"><strong>Calera, Zacatecas.<\/strong> El talento, la m\u00fasica y la riqueza de las tradiciones mexicanas se hicieron presentes con la destacada participaci\u00f3n del <strong>Ballet Folcl\u00f3rico ODAMI<\/strong>, proveniente del estado de Chihuahua, que ofreci\u00f3 una magn\u00edfica presentaci\u00f3n como parte del <strong>Festival del Folclor Internacional Calera 2026<\/strong>.<\/p>\n<p class=\"isSelectedEnd\">Con un espect\u00e1culo lleno de color, energ\u00eda y elegantes coreograf\u00edas, la agrupaci\u00f3n conquist\u00f3 al p\u00fablico asistente, mostrando estampas representativas del folclor chihuahuense y reafirmando el valor de la danza como una expresi\u00f3n que preserva la identidad y el patrimonio cultural de M\u00e9xico.<\/p>\n<p class=\"isSelectedEnd\">Decenas de familias calerenses y visitantes disfrutaron de esta velada art\u00edstica, que forma parte de la programaci\u00f3n del festival, consolidando a Calera como un espacio de encuentro para el intercambio cultural y la promoci\u00f3n de las tradiciones nacionales e internacionales.<\/p>\n<p class=\"isSelectedEnd\">El Gobierno Municipal, encabezado por el <strong>profesor Miguel \u00c1ngel Murillo Garc\u00eda<\/strong>, reiter\u00f3 la invitaci\u00f3n a la ciudadan\u00eda para continuar asistiendo a las presentaciones programadas, donde participar\u00e1n agrupaciones municipales, estatales, nacionales e internacionales que llenar\u00e1n de m\u00fasica, danza y color los escenarios del municipio.<\/p>\n<p class=\"isSelectedEnd\">El <strong>Festival del Folclor Internacional Calera 2026<\/strong> contin\u00faa ofreciendo actividades para toda la familia, fortaleciendo la convivencia social y acercando expresiones art\u00edsticas de gran calidad a la poblaci\u00f3n.<\/p>\n<p>Con este tipo de eventos, el Ayuntamiento de Calera reafirma su compromiso de impulsar la cultura, preservar las tradiciones y promover espacios que fortalecen la identidad y el orgullo de las y los calerenses.<\/p>\n","protected":false},"excerpt":{"rendered":"<p>Calera, Zacatecas. El talento, la m\u00fasica y la riqueza de las tradiciones mexicanas se hicieron presentes con la destacada participaci\u00f3n del Ballet Folcl\u00f3rico ODAMI, proveniente del<span class=\"excerpt-hellip\"> [\u2026]<\/span><\/p>\n","protected":false},"author":2,"featured_media":33161,"comment_status":"open","ping_status":"open","sticky":false,"template":"","format":"standard","meta":{"footnotes":""},"categories":[24],"tags":[],"class_list":["post-33160","post","type-post","status-publish","format-standard","has-post-thumbnail","hentry","category-calera"],"_links":{"self":[{"href":"https:\/\/sientetupasion.com\/index.php\/wp-json\/wp\/v2\/posts\/33160","targetHints":{"allow":["GET"]}}],"collection":[{"href":"https:\/\/sientetupasion.com\/index.php\/wp-json\/wp\/v2\/posts"}],"about":[{"href":"https:\/\/sientetupasion.com\/index.php\/wp-json\/wp\/v2\/types\/post"}],"author":[{"embeddable":true,"href":"https:\/\/sientetupasion.com\/index.php\/wp-json\/wp\/v2\/users\/2"}],"replies":[{"embeddable":true,"href":"https:\/\/sientetupasion.com\/index.php\/wp-json\/wp\/v2\/comments?post=33160"}],"version-history":[{"count":1,"href":"https:\/\/sientetupasion.com\/index.php\/wp-json\/wp\/v2\/posts\/33160\/revisions"}],"predecessor-version":[{"id":33162,"href":"https:\/\/sientetupasion.com\/index.php\/wp-json\/wp\/v2\/posts\/33160\/revisions\/33162"}],"wp:featuredmedia":[{"embeddable":true,"href":"https:\/\/sientetupasion.com\/index.php\/wp-json\/wp\/v2\/media\/33161"}],"wp:attachment":[{"href":"https:\/\/sientetupasion.com\/index.php\/wp-json\/wp\/v2\/media?parent=33160"}],"wp:term":[{"taxonomy":"category","embeddable":true,"href":"https:\/\/sientetupasion.com\/index.php\/wp-json\/wp\/v2\/categories?post=33160"},{"taxonomy":"post_tag","embeddable":true,"href":"https:\/\/sientetupasion.com\/index.php\/wp-json\/wp\/v2\/tags?post=33160"}],"curies":[{"name":"wp","href":"https:\/\/api.w.org\/{rel}","templated":true}]}}