{"id":33014,"date":"2026-07-29T07:41:22","date_gmt":"2026-07-29T13:41:22","guid":{"rendered":"https:\/\/sientetupasion.com\/?p=33014"},"modified":"2026-07-29T07:41:22","modified_gmt":"2026-07-29T13:41:22","slug":"consulta-sobre-lineamientos-para-la-proteccion-de-las-audiencias-gran-oportunidad-para-definir-si-aplican-tambien-a-las-mananeras-kenia-lopez-rabadan","status":"publish","type":"post","link":"https:\/\/sientetupasion.com\/index.php\/2026\/07\/29\/consulta-sobre-lineamientos-para-la-proteccion-de-las-audiencias-gran-oportunidad-para-definir-si-aplican-tambien-a-las-mananeras-kenia-lopez-rabadan\/","title":{"rendered":"Consulta sobre lineamientos para la protecci\u00f3n de las audiencias, gran oportunidad para definir si aplican tambi\u00e9n a las ma\u00f1aneras: Kenia L\u00f3pez Rabad\u00e1n"},"content":{"rendered":"<h1><\/h1>\n<p>&nbsp;<\/p>\n<p>Necesario, no caer en la tentaci\u00f3n de usarlos como instrumentos de censura<\/p>\n<p>\u2022\u00a0 \u00a0 La protecci\u00f3n de los derechos de las audiencias y la libertad de expresi\u00f3n son principios complementarios que deben garantizarse de manera conjunta<\/p>\n<p>&nbsp;<\/p>\n<p>Tras se\u00f1alar que la protecci\u00f3n de los derechos de las audiencias y la libertad de expresi\u00f3n son principios complementarios que deben garantizarse de manera conjunta, la presidenta de la Mesa Directiva de la C\u00e1mara de Diputados, Kenia L\u00f3pez Rabad\u00e1n, afirm\u00f3 que la consulta p\u00fablica sobre los Lineamientos Generales para la Protecci\u00f3n de los Derechos de las Audiencias son una gran oportunidad para definir si \u00e9stos son aplicables tambi\u00e9n a las conferencias ma\u00f1aneras de los gobiernos federal y estatales.<\/p>\n<p>\u201cLos lineamientos deben clarificar bajo qu\u00e9 enfoque se encuentran estos espacios informativos cuando son transmitidos por los medios p\u00fablicos de radio y televisi\u00f3n, tanto nacionales como estatales; se deben precisar las reglas que, a estas ma\u00f1aneras, a estos espacios de deliberaci\u00f3n p\u00fablicos se les deber\u00e1 aplicar a prop\u00f3sito de esta consulta y como resultado de los lineamientos que se aprueben\u201d, sostuvo en conferencia de prensa.<\/p>\n<p>La diputada presidenta explic\u00f3 que se ha abierto un periodo de consulta p\u00fablica, del 27 de julio al 21 de agosto, para que la ciudadan\u00eda, las audiencias, los concesionarios, la academia y las organizaciones de la sociedad civil expresen sus opiniones y formulen propuestas sobre dichos lineamientos.<\/p>\n<p>En ese sentido, se pronunci\u00f3 a favor de que exista una participaci\u00f3n amplia, plural e informada que garantice los derechos de las audiencias.<\/p>\n<p>\u201cEn este proceso debemos cuidar que, bajo un noble prop\u00f3sito necesario y leg\u00edtimo, no se caiga en la tentaci\u00f3n de convertir estos lineamientos en un mecanismo de censura o de limitaci\u00f3n a la libertad de expresi\u00f3n y al derecho a la informaci\u00f3n\u201d, abund\u00f3.<\/p>\n<p>Expuso que el d\u00eda de hoy, durante la conferencia matutina de la Presidencia de la Rep\u00fablica, se present\u00f3 el proyecto de Lineamientos Generales para la Protecci\u00f3n de los Derechos de las Audiencias, derivado de la nueva legislaci\u00f3n que en materia de telecomunicaciones y radiodifusi\u00f3n que aprobamos en la C\u00e1mara de Diputados el 1 de julio de 2025, a partir de la reforma constitucional que se hizo en materia de simplificaci\u00f3n org\u00e1nica votada desde noviembre de 2024.<\/p>\n<p>En este contexto, destac\u00f3 que la protecci\u00f3n de los derechos de las audiencias y la libertad de expresi\u00f3n son principios complementarios que deben garantizarse de manera conjunta, sin que la defensa de uno sirva como argumento para vulnerar al otro.<\/p>\n<p>Por ello, reiter\u00f3 que esta consulta representa una gran oportunidad para definir el tratamiento que deben recibir las conferencias matutinas de los espacios gubernamentales, tanto del Gobierno Federal como de los estados de la Rep\u00fablica.<\/p>\n<p>&nbsp;<\/p>\n","protected":false},"excerpt":{"rendered":"<p>&nbsp; Necesario, no caer en la tentaci\u00f3n de usarlos como instrumentos de censura \u2022\u00a0 \u00a0 La protecci\u00f3n de los derechos de las audiencias y la libertad<span class=\"excerpt-hellip\"> [\u2026]<\/span><\/p>\n","protected":false},"author":2,"featured_media":33015,"comment_status":"open","ping_status":"open","sticky":false,"template":"","format":"standard","meta":{"footnotes":""},"categories":[8],"tags":[],"class_list":["post-33014","post","type-post","status-publish","format-standard","has-post-thumbnail","hentry","category-politica"],"_links":{"self":[{"href":"https:\/\/sientetupasion.com\/index.php\/wp-json\/wp\/v2\/posts\/33014","targetHints":{"allow":["GET"]}}],"collection":[{"href":"https:\/\/sientetupasion.com\/index.php\/wp-json\/wp\/v2\/posts"}],"about":[{"href":"https:\/\/sientetupasion.com\/index.php\/wp-json\/wp\/v2\/types\/post"}],"author":[{"embeddable":true,"href":"https:\/\/sientetupasion.com\/index.php\/wp-json\/wp\/v2\/users\/2"}],"replies":[{"embeddable":true,"href":"https:\/\/sientetupasion.com\/index.php\/wp-json\/wp\/v2\/comments?post=33014"}],"version-history":[{"count":1,"href":"https:\/\/sientetupasion.com\/index.php\/wp-json\/wp\/v2\/posts\/33014\/revisions"}],"predecessor-version":[{"id":33016,"href":"https:\/\/sientetupasion.com\/index.php\/wp-json\/wp\/v2\/posts\/33014\/revisions\/33016"}],"wp:featuredmedia":[{"embeddable":true,"href":"https:\/\/sientetupasion.com\/index.php\/wp-json\/wp\/v2\/media\/33015"}],"wp:attachment":[{"href":"https:\/\/sientetupasion.com\/index.php\/wp-json\/wp\/v2\/media?parent=33014"}],"wp:term":[{"taxonomy":"category","embeddable":true,"href":"https:\/\/sientetupasion.com\/index.php\/wp-json\/wp\/v2\/categories?post=33014"},{"taxonomy":"post_tag","embeddable":true,"href":"https:\/\/sientetupasion.com\/index.php\/wp-json\/wp\/v2\/tags?post=33014"}],"curies":[{"name":"wp","href":"https:\/\/api.w.org\/{rel}","templated":true}]}}