{"id":33011,"date":"2026-07-29T07:39:53","date_gmt":"2026-07-29T13:39:53","guid":{"rendered":"https:\/\/sientetupasion.com\/?p=33011"},"modified":"2026-07-29T07:39:53","modified_gmt":"2026-07-29T13:39:53","slug":"no-se-trata-de-ninguna-censura-los-lineamientos-para-proteger-derechos-de-audiencias-diputado-ricardo-monreal","status":"publish","type":"post","link":"https:\/\/sientetupasion.com\/index.php\/2026\/07\/29\/no-se-trata-de-ninguna-censura-los-lineamientos-para-proteger-derechos-de-audiencias-diputado-ricardo-monreal\/","title":{"rendered":"No se trata de ninguna censura los lineamientos para proteger derechos de audiencias: diputado Ricardo Monreal"},"content":{"rendered":"<h1><\/h1>\n<p>El derecho de las audiencias, no solo en M\u00e9xico, sino en el mundo, se debe respetar, asegura<\/p>\n<p>\u2022\u00a0 \u00a0 Confi\u00f3 en que la Comisi\u00f3n T\u00e9cnica de la UNAM d\u00e9 respuesta r\u00e1pida al diferendo sobre examen de ingreso; el rector ha actuado oportunamente<\/p>\n<p>El diputado Ricardo Monreal \u00c1vila, presidente de la Junta de Coordinaci\u00f3n Pol\u00edtica, expres\u00f3 que coincide con la presidenta de la Rep\u00fablica, Claudia Sheinbaum, cuando asegura que los lineamientos que regir\u00e1n la protecci\u00f3n de los derechos de las audiencias en radio y televisi\u00f3n obedecen a darle congruencia a la ley reglamentaria que el Congreso ya aprob\u00f3 y que no se trata de ninguna censura.<\/p>\n<p>\u201cYo coincido con ella y creo que el derecho de las audiencias, no solo en M\u00e9xico, sino en el mundo, se debe respetar. No estoy de acuerdo con la censura de ning\u00fan tipo, pero s\u00ed estoy de acuerdo en que los lineamientos establezcan el derecho de la audiencia, que no es el derecho del gobierno, sino de los ciudadanos que escuchan o leen informaci\u00f3n\u201d, subray\u00f3 en declaraciones a representantes de los medios de informaci\u00f3n.<\/p>\n<p>Puntualiz\u00f3 que es un deber moral y \u00e9tico que todos los medios de informaci\u00f3n difundan la verdad, no alteren la verdad. \u201cEso me parece que es ineludible. No se trata de censura\u201d.<\/p>\n<p>Adem\u00e1s, reconoci\u00f3 que nunca ha estado de acuerdo en que se sancione a los medios, pero obviamente las leyes se tienen que acatar y obedecer. \u201cY surge del Congreso una legislaci\u00f3n que ahora est\u00e1 realiz\u00e1ndose, los lineamientos que todav\u00eda no se concluyen y que estamos a la espera de ellos. No sabemos si prev\u00e9n sanciones, de qu\u00e9 tipo las prevean, pero evidentemente creo que son m\u00e1s bien aclaraciones sobre temas que no resultan exactos\u201d.<\/p>\n<p>Hizo menci\u00f3n que los lineamientos son del Ejecutivo, porque es el Legislativo el que les atribuye esas facultades, pero evidentemente no pueden contradecir la ley, no pueden estar en contra de lo que se legisla. Vamos a esperar los lineamientos, es un tema que no est\u00e1 acabado y que no se va a agotar hoy.<\/p>\n<p><strong>Atender a los j\u00f3venes que han protestado por el examen en l\u00ednea de la UNAM<\/strong><\/p>\n<p>Respecto al examen en l\u00ednea de la UNAM, el tambi\u00e9n coordinador del grupo parlamentario de Morena coment\u00f3 que ya las autoridades universitarias y el rector Leonardo Lomel\u00ed est\u00e1n respondiendo en tiempo a este problema que se present\u00f3 con el examen de admisi\u00f3n.<\/p>\n<p>Indic\u00f3 que lo primero que se debe aclarar es que los j\u00f3venes que vienen del sistema de preparatorias afiliado a la UNAM, como la Escuela Nacional Preparatoria, los CCH, tienen un lugar seguro, ellos tienen acceso directo con un promedio m\u00ednimo de ocho de calificaci\u00f3n, y el tema est\u00e1 en los j\u00f3venes que presentaron su examen en l\u00ednea por venir de otros sistemas escolares diferentes al de la UNAM; se habla de m\u00e1s de 100 mil j\u00f3venes.<\/p>\n<p>Explic\u00f3 que aqu\u00ed el tema es que muchos de ellos, a juicio de algunos, utilizaron la inteligencia artificial; algunos dicen que es un acorde\u00f3n digital, que los que no la usaron estaban en desigualdad.<\/p>\n<p>\u201cYo me pronuncio porque la comisi\u00f3n que nombr\u00f3 ayer el rector d\u00e9 r\u00e1pida respuesta, y me pronuncio por el di\u00e1logo, atender a los j\u00f3venes que est\u00e1n protestando, atender a los j\u00f3venes que se sienten enga\u00f1ados o que sienten que hubo trampa en la selecci\u00f3n del ingreso, y que la comisi\u00f3n de expertos que nombr\u00f3 el rector ayer se pueda pronunciar con rapidez, porque estamos por iniciar el semestre\u201d, coment\u00f3.<\/p>\n<p>Consider\u00f3 que el rector de la UNAM ha actuado oportunamente y est\u00e1 tomando cartas en el asunto tratando de atender y resolver la demanda de los ex\u00e1menes de admisi\u00f3n con la creaci\u00f3n de esta comisi\u00f3n de expertos.<\/p>\n<p>\u201cLa UNAM es aut\u00f3noma, aqu\u00ed no le pueden culpar al gobierno ni a ninguna entidad p\u00fablica; es aut\u00f3noma y ellos son los \u00fanicos que decidieron llevar a cabo este examen por l\u00ednea. Creo que el rector de la UNAM, que goza de plena autonom\u00eda, ha estado interviniendo de manera oportuna y conf\u00edo en \u00e9l\u201d, abund\u00f3.<\/p>\n<p>Record\u00f3 que hay varias iniciativas sobre inteligencia artificial, e incluso \u00e9l present\u00f3 una hace m\u00e1s de un a\u00f1o y tiene un libro. \u201cYa lo advert\u00eda yo que iba a ser un tema que era ineludible, inevitable y que ten\u00edamos que entrarle al an\u00e1lisis y la discusi\u00f3n. Lleg\u00f3 ese momento. Incluso yo dir\u00eda que estamos tarde, deber\u00edamos estar ya legislando sobre la inteligencia artificial y las plataformas.<\/p>\n<p>\u201cHemos hecho reformas tibias. Por ejemplo, que el usuario decida cu\u00e1ndo concluir su contrato con las plataformas, que antes eran interminables los contratos, leoninos. Eso ya no existe. Ahora tenemos otras medidas que legislar en materia de plataformas. Yo tengo varias iniciativas, espero que en septiembre empecemos a tratarlas y aprobarlas\u201d, subray\u00f3.<\/p>\n<p>Por otra parte, el diputado Monreal \u00c1vila hizo notar que la propuesta del consejero electoral Uuc-kib Espadas para tener dos boletas diferenciadas para elegir a los diputados de mayor\u00eda relativa y otro para los plurinominales, es una facultad del Legislativo. \u201cEl Consejo del INE no puede hacer m\u00e1s all\u00e1 de lo que la ley le permite. Por tanto, es una facultad del Legislativo y es el Legislativo el que debe resolver\u201d.<\/p>\n<h1><\/h1>\n<p>&nbsp;<\/p>\n","protected":false},"excerpt":{"rendered":"<p>El derecho de las audiencias, no solo en M\u00e9xico, sino en el mundo, se debe respetar, asegura \u2022\u00a0 \u00a0 Confi\u00f3 en que la Comisi\u00f3n T\u00e9cnica de<span class=\"excerpt-hellip\"> [\u2026]<\/span><\/p>\n","protected":false},"author":2,"featured_media":33012,"comment_status":"open","ping_status":"open","sticky":false,"template":"","format":"standard","meta":{"footnotes":""},"categories":[8],"tags":[],"class_list":["post-33011","post","type-post","status-publish","format-standard","has-post-thumbnail","hentry","category-politica"],"_links":{"self":[{"href":"https:\/\/sientetupasion.com\/index.php\/wp-json\/wp\/v2\/posts\/33011","targetHints":{"allow":["GET"]}}],"collection":[{"href":"https:\/\/sientetupasion.com\/index.php\/wp-json\/wp\/v2\/posts"}],"about":[{"href":"https:\/\/sientetupasion.com\/index.php\/wp-json\/wp\/v2\/types\/post"}],"author":[{"embeddable":true,"href":"https:\/\/sientetupasion.com\/index.php\/wp-json\/wp\/v2\/users\/2"}],"replies":[{"embeddable":true,"href":"https:\/\/sientetupasion.com\/index.php\/wp-json\/wp\/v2\/comments?post=33011"}],"version-history":[{"count":1,"href":"https:\/\/sientetupasion.com\/index.php\/wp-json\/wp\/v2\/posts\/33011\/revisions"}],"predecessor-version":[{"id":33013,"href":"https:\/\/sientetupasion.com\/index.php\/wp-json\/wp\/v2\/posts\/33011\/revisions\/33013"}],"wp:featuredmedia":[{"embeddable":true,"href":"https:\/\/sientetupasion.com\/index.php\/wp-json\/wp\/v2\/media\/33012"}],"wp:attachment":[{"href":"https:\/\/sientetupasion.com\/index.php\/wp-json\/wp\/v2\/media?parent=33011"}],"wp:term":[{"taxonomy":"category","embeddable":true,"href":"https:\/\/sientetupasion.com\/index.php\/wp-json\/wp\/v2\/categories?post=33011"},{"taxonomy":"post_tag","embeddable":true,"href":"https:\/\/sientetupasion.com\/index.php\/wp-json\/wp\/v2\/tags?post=33011"}],"curies":[{"name":"wp","href":"https:\/\/api.w.org\/{rel}","templated":true}]}}