{"id":32993,"date":"2026-07-29T07:17:06","date_gmt":"2026-07-29T13:17:06","guid":{"rendered":"https:\/\/sientetupasion.com\/?p=32993"},"modified":"2026-07-29T07:17:06","modified_gmt":"2026-07-29T13:17:06","slug":"ruth-calderon-destaca-la-educacion-como-motor-de-desarrollo-durante-ceremonia-estatal","status":"publish","type":"post","link":"https:\/\/sientetupasion.com\/index.php\/2026\/07\/29\/ruth-calderon-destaca-la-educacion-como-motor-de-desarrollo-durante-ceremonia-estatal\/","title":{"rendered":"Ruth Calder\u00f3n destaca la educaci\u00f3n como motor de desarrollo durante ceremonia estatal"},"content":{"rendered":"<h1><\/h1>\n<p class=\"isSelectedEnd\"><strong>Zacatecas, Zacatecas.<\/strong> La diputada local <strong>Ruth Calder\u00f3n<\/strong> particip\u00f3 en la <strong>Ceremonia Estatal &#8220;Educaci\u00f3n para el Progreso&#8221;<\/strong>, un encuentro que reuni\u00f3 a autoridades educativas y representantes del sector p\u00fablico con el prop\u00f3sito de refrendar el compromiso de impulsar mayores oportunidades de formaci\u00f3n para las y los zacatecanos.<\/p>\n<p class=\"isSelectedEnd\">Durante el evento, la legisladora destac\u00f3 que la educaci\u00f3n constituye una de las herramientas m\u00e1s importantes para transformar vidas, reducir las desigualdades y abrir nuevas oportunidades de desarrollo para ni\u00f1as, ni\u00f1os, j\u00f3venes y adultos en todo el estado.<\/p>\n<p class=\"isSelectedEnd\">Ruth Calder\u00f3n se\u00f1al\u00f3 que fortalecer el acceso a una educaci\u00f3n de calidad representa una inversi\u00f3n en el futuro de Zacatecas, al contribuir a la formaci\u00f3n de ciudadanos mejor preparados y comprometidos con el desarrollo de sus comunidades.<\/p>\n<p class=\"isSelectedEnd\">Asimismo, reconoci\u00f3 el trabajo de las instituciones educativas, docentes, directivos y familias, quienes diariamente suman esfuerzos para construir una sociedad con mayores oportunidades a trav\u00e9s del conocimiento y la formaci\u00f3n acad\u00e9mica.<\/p>\n<p class=\"isSelectedEnd\">La diputada reiter\u00f3 que desde el Poder Legislativo continuar\u00e1 respaldando iniciativas y acciones orientadas al fortalecimiento del sistema educativo, convencida de que la educaci\u00f3n es un pilar fundamental para el progreso y el bienestar social.<\/p>\n<p>Con su participaci\u00f3n en la ceremonia, Ruth Calder\u00f3n reafirm\u00f3 su compromiso de seguir impulsando pol\u00edticas que favorezcan el acceso a la educaci\u00f3n y generen m\u00e1s oportunidades para las y los zacatecanos, contribuyendo a la construcci\u00f3n de un estado con mejores condiciones de desarrollo para las presentes y futuras generaciones.<\/p>\n","protected":false},"excerpt":{"rendered":"<p>Zacatecas, Zacatecas. La diputada local Ruth Calder\u00f3n particip\u00f3 en la Ceremonia Estatal &#8220;Educaci\u00f3n para el Progreso&#8221;, un encuentro que reuni\u00f3 a autoridades educativas y representantes del<span class=\"excerpt-hellip\"> [\u2026]<\/span><\/p>\n","protected":false},"author":2,"featured_media":32994,"comment_status":"open","ping_status":"open","sticky":false,"template":"","format":"standard","meta":{"footnotes":""},"categories":[8],"tags":[],"class_list":["post-32993","post","type-post","status-publish","format-standard","has-post-thumbnail","hentry","category-politica"],"_links":{"self":[{"href":"https:\/\/sientetupasion.com\/index.php\/wp-json\/wp\/v2\/posts\/32993","targetHints":{"allow":["GET"]}}],"collection":[{"href":"https:\/\/sientetupasion.com\/index.php\/wp-json\/wp\/v2\/posts"}],"about":[{"href":"https:\/\/sientetupasion.com\/index.php\/wp-json\/wp\/v2\/types\/post"}],"author":[{"embeddable":true,"href":"https:\/\/sientetupasion.com\/index.php\/wp-json\/wp\/v2\/users\/2"}],"replies":[{"embeddable":true,"href":"https:\/\/sientetupasion.com\/index.php\/wp-json\/wp\/v2\/comments?post=32993"}],"version-history":[{"count":1,"href":"https:\/\/sientetupasion.com\/index.php\/wp-json\/wp\/v2\/posts\/32993\/revisions"}],"predecessor-version":[{"id":32995,"href":"https:\/\/sientetupasion.com\/index.php\/wp-json\/wp\/v2\/posts\/32993\/revisions\/32995"}],"wp:featuredmedia":[{"embeddable":true,"href":"https:\/\/sientetupasion.com\/index.php\/wp-json\/wp\/v2\/media\/32994"}],"wp:attachment":[{"href":"https:\/\/sientetupasion.com\/index.php\/wp-json\/wp\/v2\/media?parent=32993"}],"wp:term":[{"taxonomy":"category","embeddable":true,"href":"https:\/\/sientetupasion.com\/index.php\/wp-json\/wp\/v2\/categories?post=32993"},{"taxonomy":"post_tag","embeddable":true,"href":"https:\/\/sientetupasion.com\/index.php\/wp-json\/wp\/v2\/tags?post=32993"}],"curies":[{"name":"wp","href":"https:\/\/api.w.org\/{rel}","templated":true}]}}