{"id":32914,"date":"2026-07-27T20:29:08","date_gmt":"2026-07-28T02:29:08","guid":{"rendered":"https:\/\/sientetupasion.com\/?p=32914"},"modified":"2026-07-27T20:29:08","modified_gmt":"2026-07-28T02:29:08","slug":"inauguran-en-jerez-exposicion-que-celebra-la-historia-la-danza-y-las-tradiciones-del-municipio","status":"publish","type":"post","link":"https:\/\/sientetupasion.com\/index.php\/2026\/07\/27\/inauguran-en-jerez-exposicion-que-celebra-la-historia-la-danza-y-las-tradiciones-del-municipio\/","title":{"rendered":"Inauguran en Jerez exposici\u00f3n que celebra la historia, la danza y las tradiciones del municipio"},"content":{"rendered":"<h1><\/h1>\n<p class=\"isSelectedEnd\"><strong>Jerez, Zacatecas.<\/strong> En el marco del <strong>27\u00b0 Festival Nacional de Danza Armando Correa Gonz\u00e1lez<\/strong>, el Gobierno Municipal de Jerez inaugur\u00f3 la exposici\u00f3n multidisciplinaria <strong>&#8220;Jerez, la historia de un pueblo que danza con memoria y tradici\u00f3n&#8221;<\/strong>, una muestra que re\u00fane vestuarios tradicionales, pintura y memoria gr\u00e1fica para resaltar la riqueza cultural e hist\u00f3rica del municipio.<\/p>\n<p class=\"isSelectedEnd\">La exposici\u00f3n, instalada en el <strong>Foyer del Teatro Hinojosa<\/strong>, es organizada por el <strong>Instituto Jerezano de Cultura (IJC)<\/strong> en colaboraci\u00f3n con el <strong>Instituto Superior de Educaci\u00f3n Art\u00edstica (ISEA) &#8220;Calmecac&#8221;<\/strong>, como parte de las actividades que buscan fortalecer la preservaci\u00f3n, difusi\u00f3n y valoraci\u00f3n del patrimonio cultural jerezano.<\/p>\n<p class=\"isSelectedEnd\">A trav\u00e9s de esta propuesta art\u00edstica, las y los visitantes pueden apreciar una colecci\u00f3n de vestuarios tradicionales, obras pict\u00f3ricas y material fotogr\u00e1fico e hist\u00f3rico que reflejan la evoluci\u00f3n de la danza, las costumbres y las expresiones culturales que han dado identidad a Jerez a lo largo de los a\u00f1os.<\/p>\n<p class=\"isSelectedEnd\">Las autoridades destacaron que este tipo de exposiciones permiten acercar a las nuevas generaciones al legado cultural del municipio, adem\u00e1s de reconocer el trabajo de artistas, investigadores y promotores que han contribuido a conservar la memoria hist\u00f3rica y las tradiciones que distinguen a Jerez.<\/p>\n<p class=\"isSelectedEnd\">La muestra forma parte de la programaci\u00f3n del <strong>27\u00b0 Festival Nacional de Danza Armando Correa Gonz\u00e1lez<\/strong>, un encuentro que re\u00fane a agrupaciones de distintas entidades del pa\u00eds y que consolida a Jerez como uno de los principales referentes en la promoci\u00f3n del folclor y las expresiones art\u00edsticas tradicionales.<\/p>\n<p>Con estas actividades, el Gobierno Municipal de Jerez reafirma su compromiso con el impulso a la cultura y la preservaci\u00f3n del patrimonio hist\u00f3rico, fortaleciendo espacios que promueven el orgullo por las ra\u00edces, la identidad y las tradiciones que dan vida al municipio.<\/p>\n","protected":false},"excerpt":{"rendered":"<p>Jerez, Zacatecas. En el marco del 27\u00b0 Festival Nacional de Danza Armando Correa Gonz\u00e1lez, el Gobierno Municipal de Jerez inaugur\u00f3 la exposici\u00f3n multidisciplinaria &#8220;Jerez, la historia<span class=\"excerpt-hellip\"> [\u2026]<\/span><\/p>\n","protected":false},"author":2,"featured_media":32915,"comment_status":"open","ping_status":"open","sticky":false,"template":"","format":"standard","meta":{"footnotes":""},"categories":[28],"tags":[],"class_list":["post-32914","post","type-post","status-publish","format-standard","has-post-thumbnail","hentry","category-jerez"],"_links":{"self":[{"href":"https:\/\/sientetupasion.com\/index.php\/wp-json\/wp\/v2\/posts\/32914","targetHints":{"allow":["GET"]}}],"collection":[{"href":"https:\/\/sientetupasion.com\/index.php\/wp-json\/wp\/v2\/posts"}],"about":[{"href":"https:\/\/sientetupasion.com\/index.php\/wp-json\/wp\/v2\/types\/post"}],"author":[{"embeddable":true,"href":"https:\/\/sientetupasion.com\/index.php\/wp-json\/wp\/v2\/users\/2"}],"replies":[{"embeddable":true,"href":"https:\/\/sientetupasion.com\/index.php\/wp-json\/wp\/v2\/comments?post=32914"}],"version-history":[{"count":1,"href":"https:\/\/sientetupasion.com\/index.php\/wp-json\/wp\/v2\/posts\/32914\/revisions"}],"predecessor-version":[{"id":32916,"href":"https:\/\/sientetupasion.com\/index.php\/wp-json\/wp\/v2\/posts\/32914\/revisions\/32916"}],"wp:featuredmedia":[{"embeddable":true,"href":"https:\/\/sientetupasion.com\/index.php\/wp-json\/wp\/v2\/media\/32915"}],"wp:attachment":[{"href":"https:\/\/sientetupasion.com\/index.php\/wp-json\/wp\/v2\/media?parent=32914"}],"wp:term":[{"taxonomy":"category","embeddable":true,"href":"https:\/\/sientetupasion.com\/index.php\/wp-json\/wp\/v2\/categories?post=32914"},{"taxonomy":"post_tag","embeddable":true,"href":"https:\/\/sientetupasion.com\/index.php\/wp-json\/wp\/v2\/tags?post=32914"}],"curies":[{"name":"wp","href":"https:\/\/api.w.org\/{rel}","templated":true}]}}