{"id":32911,"date":"2026-07-27T20:27:23","date_gmt":"2026-07-28T02:27:23","guid":{"rendered":"https:\/\/sientetupasion.com\/?p=32911"},"modified":"2026-07-27T20:27:23","modified_gmt":"2026-07-28T02:27:23","slug":"jerez-inaugura-el-festival-nacional-de-danza-2026-con-un-homenaje-al-maestro-armando-correa-gonzalez","status":"publish","type":"post","link":"https:\/\/sientetupasion.com\/index.php\/2026\/07\/27\/jerez-inaugura-el-festival-nacional-de-danza-2026-con-un-homenaje-al-maestro-armando-correa-gonzalez\/","title":{"rendered":"Jerez inaugura el Festival Nacional de Danza 2026 con un homenaje al maestro Armando Correa Gonz\u00e1lez"},"content":{"rendered":"<h1><\/h1>\n<p class=\"isSelectedEnd\"><strong>Jerez, Zacatecas.<\/strong> Con un emotivo reconocimiento a la trayectoria del maestro <strong>Armando Correa Gonz\u00e1lez<\/strong>, fundador del Festival Nacional de Danza que lleva su nombre, el Gobierno Municipal de Jerez dio inicio a las actividades del <strong>Festival Nacional de Danza 2026<\/strong>, un encuentro que re\u00fane a agrupaciones de diferentes estados del pa\u00eds para celebrar la riqueza del folclor mexicano y fortalecer la identidad cultural.<\/p>\n<p class=\"isSelectedEnd\">Durante la ceremonia inaugural, el presidente municipal <strong>Rodrigo Ure\u00f1o Ba\u00f1uelos<\/strong> entreg\u00f3 un reconocimiento al maestro Armando Correa Gonz\u00e1lez, en honor a su invaluable aportaci\u00f3n al desarrollo de la cultura y la danza en Jerez, destacando su compromiso por preservar las tradiciones y formar a generaciones de bailarines y promotores culturales.<\/p>\n<p class=\"isSelectedEnd\">En su mensaje, el alcalde expres\u00f3 su gratitud al fundador del grupo <strong>CALMECAC<\/strong>, reconociendo que su trabajo ha permitido llevar el nombre de Jerez a distintos estados de la Rep\u00fablica y a diversos pa\u00edses, adem\u00e1s de acercar al municipio las expresiones culturales de otras regiones. \u201c<strong>Gracias, Don Armando, por esas ense\u00f1anzas para todos nosotros y para los j\u00f3venes<\/strong>\u201d, manifest\u00f3 Rodrigo Ure\u00f1o, al destacar el legado que ha dejado en la comunidad art\u00edstica.<\/p>\n<p class=\"isSelectedEnd\">Como parte del programa inaugural, el p\u00fablico disfrut\u00f3 de la presentaci\u00f3n del <strong>Ensamble Suave Patria<\/strong>, bajo la direcci\u00f3n del maestro <strong>Salvador Fragozo<\/strong>, quienes ofrecieron un espect\u00e1culo que resalt\u00f3 la belleza y el valor de la danza tradicional mexicana, dando muestra del talento art\u00edstico que caracteriza al festival.<\/p>\n<p class=\"isSelectedEnd\">La primera participaci\u00f3n de esta edici\u00f3n estuvo a cargo del estado de <strong>Durango<\/strong>, representado por el <strong>Grupo Folcl\u00f3rico Kwii Etsaame del CBTis 130<\/strong>, dirigido por el maestro <strong>Eduardo Betancour<\/strong>, que present\u00f3 la estampa <strong>&#8220;Durango, Ecos del Norte&#8221;<\/strong>, arrancando oficialmente las presentaciones que integran el programa del festival.<\/p>\n<p class=\"isSelectedEnd\">El <strong>Festival Nacional de Danza 2026<\/strong>, organizado por el <strong>Instituto Jerezano de Cultura<\/strong>, dirigido por <strong>Elizabeth Murillo Guerrero<\/strong>, reunir\u00e1 durante varios d\u00edas a agrupaciones provenientes de distintas entidades del pa\u00eds, promoviendo el intercambio cultural, el rescate de las tradiciones y el fortalecimiento del folclor como parte esencial del patrimonio de M\u00e9xico.<\/p>\n<p>Con este evento, el Gobierno Municipal de Jerez reafirma su compromiso con el impulso a la cultura y las artes, consolidando al municipio como un referente en la promoci\u00f3n de las expresiones tradicionales y en el reconocimiento a quienes han dedicado su vida a preservar la identidad cultural de las y los jerezanos.<\/p>\n","protected":false},"excerpt":{"rendered":"<p>Jerez, Zacatecas. Con un emotivo reconocimiento a la trayectoria del maestro Armando Correa Gonz\u00e1lez, fundador del Festival Nacional de Danza que lleva su nombre, el Gobierno<span class=\"excerpt-hellip\"> [\u2026]<\/span><\/p>\n","protected":false},"author":2,"featured_media":32912,"comment_status":"open","ping_status":"open","sticky":false,"template":"","format":"standard","meta":{"footnotes":""},"categories":[28],"tags":[],"class_list":["post-32911","post","type-post","status-publish","format-standard","has-post-thumbnail","hentry","category-jerez"],"_links":{"self":[{"href":"https:\/\/sientetupasion.com\/index.php\/wp-json\/wp\/v2\/posts\/32911","targetHints":{"allow":["GET"]}}],"collection":[{"href":"https:\/\/sientetupasion.com\/index.php\/wp-json\/wp\/v2\/posts"}],"about":[{"href":"https:\/\/sientetupasion.com\/index.php\/wp-json\/wp\/v2\/types\/post"}],"author":[{"embeddable":true,"href":"https:\/\/sientetupasion.com\/index.php\/wp-json\/wp\/v2\/users\/2"}],"replies":[{"embeddable":true,"href":"https:\/\/sientetupasion.com\/index.php\/wp-json\/wp\/v2\/comments?post=32911"}],"version-history":[{"count":1,"href":"https:\/\/sientetupasion.com\/index.php\/wp-json\/wp\/v2\/posts\/32911\/revisions"}],"predecessor-version":[{"id":32913,"href":"https:\/\/sientetupasion.com\/index.php\/wp-json\/wp\/v2\/posts\/32911\/revisions\/32913"}],"wp:featuredmedia":[{"embeddable":true,"href":"https:\/\/sientetupasion.com\/index.php\/wp-json\/wp\/v2\/media\/32912"}],"wp:attachment":[{"href":"https:\/\/sientetupasion.com\/index.php\/wp-json\/wp\/v2\/media?parent=32911"}],"wp:term":[{"taxonomy":"category","embeddable":true,"href":"https:\/\/sientetupasion.com\/index.php\/wp-json\/wp\/v2\/categories?post=32911"},{"taxonomy":"post_tag","embeddable":true,"href":"https:\/\/sientetupasion.com\/index.php\/wp-json\/wp\/v2\/tags?post=32911"}],"curies":[{"name":"wp","href":"https:\/\/api.w.org\/{rel}","templated":true}]}}