{"id":32908,"date":"2026-07-27T20:26:05","date_gmt":"2026-07-28T02:26:05","guid":{"rendered":"https:\/\/sientetupasion.com\/?p=32908"},"modified":"2026-07-27T20:26:05","modified_gmt":"2026-07-28T02:26:05","slug":"concluye-con-exito-el-festival-jerez-capital-migrante-2026-fortalece-la-identidad-y-el-vinculo-con-la-comunidad-migrante","status":"publish","type":"post","link":"https:\/\/sientetupasion.com\/index.php\/2026\/07\/27\/concluye-con-exito-el-festival-jerez-capital-migrante-2026-fortalece-la-identidad-y-el-vinculo-con-la-comunidad-migrante\/","title":{"rendered":"Concluye con \u00e9xito el Festival Jerez Capital Migrante 2026; fortalece la identidad y el v\u00ednculo con la comunidad migrante"},"content":{"rendered":"<h1><\/h1>\n<p class=\"isSelectedEnd\"><strong>Jerez, Zacatecas.<\/strong> Con una destacada participaci\u00f3n ciudadana, saldo positivo y una amplia agenda de actividades culturales, deportivas, art\u00edsticas y de convivencia familiar, el Gobierno Municipal de Jerez concluy\u00f3 con \u00e9xito el <strong>Festival Jerez Capital Migrante 2026<\/strong>, una celebraci\u00f3n que durante varios d\u00edas permiti\u00f3 fortalecer los lazos entre las y los jerezanos que radican en el municipio y aquellos que han construido su vida en distintas ciudades de los Estados Unidos.<\/p>\n<p class=\"isSelectedEnd\">El presidente municipal, <strong>Rodrigo Ure\u00f1o Ba\u00f1uelos<\/strong>, destac\u00f3 que esta edici\u00f3n super\u00f3 las expectativas al consolidarse como un espacio de encuentro, identidad y orgullo para la comunidad migrante, reafirmando el compromiso de mantener vivas las ra\u00edces y tradiciones que unen a Jerez con sus paisanos m\u00e1s all\u00e1 de las fronteras.<\/p>\n<p class=\"isSelectedEnd\">&#8220;El mayor logro de este festival no est\u00e1 solamente en la cantidad de eventos realizados o en la asistencia registrada; est\u00e1 en los abrazos que volvieron a encontrarse, en las familias que convivieron nuevamente, en el orgullo de nuestras tradiciones y en el cari\u00f1o que nuestros paisanos siguen demostrando por Jerez&#8221;, expres\u00f3 el alcalde durante el cierre de las actividades.<\/p>\n<p class=\"isSelectedEnd\">A lo largo del festival, miles de asistentes disfrutaron de eventos deportivos de primer nivel, entre ellos el tradicional torneo de voleibol con la participaci\u00f3n de destacados jugadores nacionales e internacionales, as\u00ed como encuentros de b\u00e9isbol que promovieron la convivencia entre migrantes y habitantes del municipio en un ambiente de fraternidad y sana competencia.<\/p>\n<p class=\"isSelectedEnd\">La cultura tambi\u00e9n fue protagonista con presentaciones art\u00edsticas, espect\u00e1culos musicales y la participaci\u00f3n de la <strong>Banda Sinf\u00f3nica del Municipio de Zacatecas<\/strong>, que llen\u00f3 de m\u00fasica y tradici\u00f3n los espacios p\u00fablicos, fortaleciendo el sentido de pertenencia y la identidad cultural de las familias jerezanas.<\/p>\n<p class=\"isSelectedEnd\">Entre las actividades m\u00e1s emblem\u00e1ticas destac\u00f3 el desfile y exhibici\u00f3n de m\u00e1s de <strong>150 autom\u00f3viles cl\u00e1sicos<\/strong>, evento que reuni\u00f3 a cientos de personas y se convirti\u00f3 en uno de los principales atractivos del festival, combinando historia, pasi\u00f3n y el orgullo por preservar el patrimonio automovil\u00edstico.<\/p>\n<p class=\"isSelectedEnd\">Asimismo, el Gobierno Municipal rindi\u00f3 homenaje a jerezanas y jerezanos distinguidos en el extranjero, reconociendo su trayectoria, esfuerzo y contribuci\u00f3n para mantener vigente el nombre de Jerez en diversas comunidades de la Uni\u00f3n Americana.<\/p>\n<p class=\"isSelectedEnd\">Rodrigo Ure\u00f1o subray\u00f3 que cada historia migrante representa un ejemplo de perseverancia, sacrificio y amor por la tierra natal, por lo que reiter\u00f3 el compromiso de su administraci\u00f3n de continuar impulsando pol\u00edticas p\u00fablicas y espacios que fortalezcan la relaci\u00f3n con la comunidad migrante y promuevan el reencuentro familiar.<\/p>\n<p class=\"isSelectedEnd\">El alcalde tambi\u00e9n agradeci\u00f3 el respaldo de los clubes de migrantes, comerciantes, empresarios, patrocinadores, artistas, deportistas, instituciones, voluntarios y corporaciones de seguridad, cuyo trabajo coordinado permiti\u00f3 que cada una de las actividades se desarrollara en un ambiente de orden, tranquilidad y convivencia.<\/p>\n<p class=\"isSelectedEnd\">Adem\u00e1s del impacto social y cultural, el festival gener\u00f3 una importante derrama econ\u00f3mica para el municipio, beneficiando a hoteles, restaurantes, comercios y prestadores de servicios que recibieron a visitantes provenientes de distintos municipios de Zacatecas y de diversas ciudades de Estados Unidos.<\/p>\n<p>Con la conclusi\u00f3n del <strong>Festival Jerez Capital Migrante 2026<\/strong>, el Gobierno Municipal reafirma su compromiso de seguir construyendo puentes con la comunidad migrante, fortaleciendo las tradiciones que dan identidad a Jerez y proyectando con orgullo la grandeza de un municipio que reconoce en sus paisanos una parte fundamental de su historia y su futuro.<\/p>\n","protected":false},"excerpt":{"rendered":"<p>Jerez, Zacatecas. Con una destacada participaci\u00f3n ciudadana, saldo positivo y una amplia agenda de actividades culturales, deportivas, art\u00edsticas y de convivencia familiar, el Gobierno Municipal de<span class=\"excerpt-hellip\"> [\u2026]<\/span><\/p>\n","protected":false},"author":2,"featured_media":32909,"comment_status":"open","ping_status":"open","sticky":false,"template":"","format":"standard","meta":{"footnotes":""},"categories":[28],"tags":[],"class_list":["post-32908","post","type-post","status-publish","format-standard","has-post-thumbnail","hentry","category-jerez"],"_links":{"self":[{"href":"https:\/\/sientetupasion.com\/index.php\/wp-json\/wp\/v2\/posts\/32908","targetHints":{"allow":["GET"]}}],"collection":[{"href":"https:\/\/sientetupasion.com\/index.php\/wp-json\/wp\/v2\/posts"}],"about":[{"href":"https:\/\/sientetupasion.com\/index.php\/wp-json\/wp\/v2\/types\/post"}],"author":[{"embeddable":true,"href":"https:\/\/sientetupasion.com\/index.php\/wp-json\/wp\/v2\/users\/2"}],"replies":[{"embeddable":true,"href":"https:\/\/sientetupasion.com\/index.php\/wp-json\/wp\/v2\/comments?post=32908"}],"version-history":[{"count":1,"href":"https:\/\/sientetupasion.com\/index.php\/wp-json\/wp\/v2\/posts\/32908\/revisions"}],"predecessor-version":[{"id":32910,"href":"https:\/\/sientetupasion.com\/index.php\/wp-json\/wp\/v2\/posts\/32908\/revisions\/32910"}],"wp:featuredmedia":[{"embeddable":true,"href":"https:\/\/sientetupasion.com\/index.php\/wp-json\/wp\/v2\/media\/32909"}],"wp:attachment":[{"href":"https:\/\/sientetupasion.com\/index.php\/wp-json\/wp\/v2\/media?parent=32908"}],"wp:term":[{"taxonomy":"category","embeddable":true,"href":"https:\/\/sientetupasion.com\/index.php\/wp-json\/wp\/v2\/categories?post=32908"},{"taxonomy":"post_tag","embeddable":true,"href":"https:\/\/sientetupasion.com\/index.php\/wp-json\/wp\/v2\/tags?post=32908"}],"curies":[{"name":"wp","href":"https:\/\/api.w.org\/{rel}","templated":true}]}}