{"id":32865,"date":"2026-07-24T20:12:16","date_gmt":"2026-07-25T02:12:16","guid":{"rendered":"https:\/\/sientetupasion.com\/?p=32865"},"modified":"2026-07-24T20:12:16","modified_gmt":"2026-07-25T02:12:16","slug":"concluye-con-exito-curso-de-velas-aromaticas-en-nueva-alianza-impulsan-el-emprendimiento-en-calera","status":"publish","type":"post","link":"https:\/\/sientetupasion.com\/index.php\/2026\/07\/24\/concluye-con-exito-curso-de-velas-aromaticas-en-nueva-alianza-impulsan-el-emprendimiento-en-calera\/","title":{"rendered":"Concluye con \u00e9xito curso de Velas Arom\u00e1ticas en Nueva Alianza; impulsan el emprendimiento en Calera"},"content":{"rendered":"<h1><\/h1>\n<p class=\"isSelectedEnd\"><strong>Calera, Zacatecas.<\/strong> Con el objetivo de fortalecer las capacidades productivas de la poblaci\u00f3n y generar nuevas oportunidades de autoempleo, el Gobierno Municipal de Calera llev\u00f3 a cabo la clausura del <strong>curso de Velas Arom\u00e1ticas<\/strong> en la comunidad de <strong>Nueva Alianza<\/strong>, donde las participantes adquirieron conocimientos especializados para la elaboraci\u00f3n de productos artesanales de alta calidad.<\/p>\n<p class=\"isSelectedEnd\">Durante la capacitaci\u00f3n, las asistentes aprendieron t\u00e9cnicas de formulaci\u00f3n, selecci\u00f3n de ceras, control de temperaturas y procesos de elaboraci\u00f3n que les permitir\u00e1n desarrollar piezas con valor comercial, brind\u00e1ndoles herramientas para emprender un negocio propio y contribuir al fortalecimiento de la econom\u00eda familiar.<\/p>\n<p class=\"isSelectedEnd\">En el evento de clausura estuvo presente el presidente municipal, <strong>Profe Miguel Murillo<\/strong>, quien recorri\u00f3 la exposici\u00f3n de los trabajos realizados por las participantes, reconociendo el esfuerzo, la dedicaci\u00f3n y el talento demostrado a lo largo del curso. El alcalde destac\u00f3 que la capacitaci\u00f3n es una herramienta fundamental para abrir nuevas oportunidades de crecimiento personal y econ\u00f3mico para las familias calerenses.<\/p>\n<p class=\"isSelectedEnd\">Asimismo, reiter\u00f3 que el Gobierno Municipal continuar\u00e1 promoviendo programas de formaci\u00f3n que impulsen el emprendimiento, fomenten el desarrollo de habilidades y contribuyan a mejorar la calidad de vida de la poblaci\u00f3n mediante el aprendizaje de oficios con potencial productivo.<\/p>\n<p>Con acciones como esta, el Ayuntamiento de Calera reafirma su compromiso de acercar oportunidades de capacitaci\u00f3n a las comunidades, fortaleciendo el desarrollo econ\u00f3mico local y brindando a m\u00e1s personas las herramientas necesarias para transformar sus conocimientos en proyectos que generen bienestar y mejores oportunidades para sus familias.<\/p>\n","protected":false},"excerpt":{"rendered":"<p>Calera, Zacatecas. Con el objetivo de fortalecer las capacidades productivas de la poblaci\u00f3n y generar nuevas oportunidades de autoempleo, el Gobierno Municipal de Calera llev\u00f3 a<span class=\"excerpt-hellip\"> [\u2026]<\/span><\/p>\n","protected":false},"author":2,"featured_media":32866,"comment_status":"open","ping_status":"open","sticky":false,"template":"","format":"standard","meta":{"footnotes":""},"categories":[24],"tags":[],"class_list":["post-32865","post","type-post","status-publish","format-standard","has-post-thumbnail","hentry","category-calera"],"_links":{"self":[{"href":"https:\/\/sientetupasion.com\/index.php\/wp-json\/wp\/v2\/posts\/32865","targetHints":{"allow":["GET"]}}],"collection":[{"href":"https:\/\/sientetupasion.com\/index.php\/wp-json\/wp\/v2\/posts"}],"about":[{"href":"https:\/\/sientetupasion.com\/index.php\/wp-json\/wp\/v2\/types\/post"}],"author":[{"embeddable":true,"href":"https:\/\/sientetupasion.com\/index.php\/wp-json\/wp\/v2\/users\/2"}],"replies":[{"embeddable":true,"href":"https:\/\/sientetupasion.com\/index.php\/wp-json\/wp\/v2\/comments?post=32865"}],"version-history":[{"count":1,"href":"https:\/\/sientetupasion.com\/index.php\/wp-json\/wp\/v2\/posts\/32865\/revisions"}],"predecessor-version":[{"id":32867,"href":"https:\/\/sientetupasion.com\/index.php\/wp-json\/wp\/v2\/posts\/32865\/revisions\/32867"}],"wp:featuredmedia":[{"embeddable":true,"href":"https:\/\/sientetupasion.com\/index.php\/wp-json\/wp\/v2\/media\/32866"}],"wp:attachment":[{"href":"https:\/\/sientetupasion.com\/index.php\/wp-json\/wp\/v2\/media?parent=32865"}],"wp:term":[{"taxonomy":"category","embeddable":true,"href":"https:\/\/sientetupasion.com\/index.php\/wp-json\/wp\/v2\/categories?post=32865"},{"taxonomy":"post_tag","embeddable":true,"href":"https:\/\/sientetupasion.com\/index.php\/wp-json\/wp\/v2\/tags?post=32865"}],"curies":[{"name":"wp","href":"https:\/\/api.w.org\/{rel}","templated":true}]}}