{"id":32838,"date":"2026-07-24T08:02:32","date_gmt":"2026-07-24T14:02:32","guid":{"rendered":"https:\/\/sientetupasion.com\/?p=32838"},"modified":"2026-07-24T08:02:32","modified_gmt":"2026-07-24T14:02:32","slug":"la-patria-no-se-vende-se-ama-y-se-defiende","status":"publish","type":"post","link":"https:\/\/sientetupasion.com\/index.php\/2026\/07\/24\/la-patria-no-se-vende-se-ama-y-se-defiende\/","title":{"rendered":"\u00a1La patria no se vende, se ama y se defiende!"},"content":{"rendered":"<div class=\"xdj266r x14z9mp xat24cr x1lziwak x1vvkbs x126k92a\">\n<div dir=\"auto\"><\/div>\n<\/div>\n<div class=\"x14z9mp xat24cr x1lziwak x1vvkbs xtlvy1s x126k92a\">\n<div dir=\"auto\">Hoy s\u00e9 di\u00f3 inicio a las Asambleas Informativas en Defensa de la Soberan\u00eda de la Naci\u00f3n, convencidos de que cuando el pueblo se organiza y participa, M\u00e9xico se fortalece.<\/div>\n<\/div>\n<div class=\"x14z9mp xat24cr x1lziwak x1vvkbs xtlvy1s x126k92a\">\n<div dir=\"auto\">Con gran entusiasmo estuvimos presentes en las colonias Lomas del R\u00edo y Adolfo L\u00f3pez Mateos 3, donde compa\u00f1eras, compa\u00f1eros, amigas y amigos se dieron cita para escuchar y respaldar el mensaje de defensa de nuestra soberan\u00eda nacional. Mi m\u00e1s sincero agradecimiento a cada una y cada uno de ustedes por su compromiso, as\u00ed como a quienes dirigieron este importante mensaje y fortalecen la unidad de nuestro movimiento. <span class=\"html-span xexx8yu xyri2b x18d9i69 x1c1uobl x1hl2dhg x16tdsg8 x1vvkbs x3nfvp2 x1j61x8r x1fcty0u xdj266r xat24cr xm2jcoa x1mpyi22 xxymvpz xlup9mm x1kky2od\"><img loading=\"lazy\" decoding=\"async\" class=\"xz74otr x15mokao x1ga7v0g x16uus16 xbiv7yw\" src=\"https:\/\/static.xx.fbcdn.net\/images\/emoji.php\/v9\/t64\/1\/16\/1f91d.png\" alt=\"\ud83e\udd1d\" width=\"16\" height=\"16\" \/><\/span><span class=\"html-span xexx8yu xyri2b x18d9i69 x1c1uobl x1hl2dhg x16tdsg8 x1vvkbs x3nfvp2 x1j61x8r x1fcty0u xdj266r xat24cr xm2jcoa x1mpyi22 xxymvpz xlup9mm x1kky2od\"><img loading=\"lazy\" decoding=\"async\" class=\"xz74otr x15mokao x1ga7v0g x16uus16 xbiv7yw\" src=\"https:\/\/static.xx.fbcdn.net\/images\/emoji.php\/v9\/tf4\/1\/16\/2728.png\" alt=\"\u2728\" width=\"16\" height=\"16\" \/><\/span><\/div>\n<\/div>\n<div class=\"x14z9mp xat24cr x1lziwak x1vvkbs xtlvy1s x126k92a\">\n<div dir=\"auto\">Hoy m\u00e1s que nunca cerramos filas con el proyecto que encabeza nuestra Presidenta, la Dra. <span class=\"html-span xdj266r x14z9mp xat24cr x1lziwak xexx8yu xyri2b x18d9i69 x1c1uobl x1hl2dhg x16tdsg8 x1vvkbs\"><a class=\"x1i10hfl xjbqb8w x1ejq31n x18oe1m7 x1sy0etr xstzfhl x972fbf x10w94by x1qhh985 x14e42zd x9f619 x1ypdohk xt0psk2 x3ct3a4 xdj266r x14z9mp xat24cr x1lziwak xexx8yu xyri2b x18d9i69 x1c1uobl x16tdsg8 x1hl2dhg xggy1nq x1a2a7pz xkrqix3 x1sur9pj x1fey0fg x1s688f\" tabindex=\"0\" role=\"link\" href=\"https:\/\/www.facebook.com\/ClaudiaSheinbaumPardo?__cft__[0]=AZZMmy3aXONKccF-pTJFybu1L2SPJJwQuD1hNOw-mHWM5jGmO4jRD1AniWlg9ze9e6h4HjBFpUVfBmQVeh5NClOggI8_WKtS2jyGK8t9v85ULVjGOzPPDQ-pMIDf5XHAsXzVpiv9uC0XcPcT5qWR1pfdO4F5wTBDrHzFpfVvu3FQCxYafUzlWJuehNl4vtUKc_3GLNHAWvKSCHlyrc03CvbE&amp;__tn__=-]K-R\"><span class=\"xt0psk2\"><span class=\"xjp7ctv\">Claudia Sheinbaum Pardo<\/span><\/span><\/a><\/span>, convencidos de que el rumbo de M\u00e9xico se construye con un pueblo unido, informado y comprometido. De la misma manera, reconozco el trabajo y liderazgo del Lic. <span class=\"html-span xdj266r x14z9mp xat24cr x1lziwak xexx8yu xyri2b x18d9i69 x1c1uobl x1hl2dhg x16tdsg8 x1vvkbs\"><a class=\"x1i10hfl xjbqb8w x1ejq31n x18oe1m7 x1sy0etr xstzfhl x972fbf x10w94by x1qhh985 x14e42zd x9f619 x1ypdohk xt0psk2 x3ct3a4 xdj266r x14z9mp xat24cr x1lziwak xexx8yu xyri2b x18d9i69 x1c1uobl x16tdsg8 x1hl2dhg xggy1nq x1a2a7pz xkrqix3 x1sur9pj x1fey0fg x1s688f\" tabindex=\"0\" role=\"link\" href=\"https:\/\/www.facebook.com\/DavidMonrealAvila?__cft__[0]=AZZMmy3aXONKccF-pTJFybu1L2SPJJwQuD1hNOw-mHWM5jGmO4jRD1AniWlg9ze9e6h4HjBFpUVfBmQVeh5NClOggI8_WKtS2jyGK8t9v85ULVjGOzPPDQ-pMIDf5XHAsXzVpiv9uC0XcPcT5qWR1pfdO4F5wTBDrHzFpfVvu3FQCxYafUzlWJuehNl4vtUKc_3GLNHAWvKSCHlyrc03CvbE&amp;__tn__=-]K-R\"><span class=\"xt0psk2\"><span class=\"xjp7ctv\">David Monreal Avila<\/span><\/span><\/a><\/span>, Gobernador de Zacatecas, y de nuestra Senadora con Licencia <span class=\"html-span xdj266r x14z9mp xat24cr x1lziwak xexx8yu xyri2b x18d9i69 x1c1uobl x1hl2dhg x16tdsg8 x1vvkbs\"><a class=\"x1i10hfl xjbqb8w x1ejq31n x18oe1m7 x1sy0etr xstzfhl x972fbf x10w94by x1qhh985 x14e42zd x9f619 x1ypdohk xt0psk2 x3ct3a4 xdj266r x14z9mp xat24cr x1lziwak xexx8yu xyri2b x18d9i69 x1c1uobl x16tdsg8 x1hl2dhg xggy1nq x1a2a7pz xkrqix3 x1sur9pj x1fey0fg x1s688f\" tabindex=\"0\" role=\"link\" href=\"https:\/\/www.facebook.com\/verodiazrob?__cft__[0]=AZZMmy3aXONKccF-pTJFybu1L2SPJJwQuD1hNOw-mHWM5jGmO4jRD1AniWlg9ze9e6h4HjBFpUVfBmQVeh5NClOggI8_WKtS2jyGK8t9v85ULVjGOzPPDQ-pMIDf5XHAsXzVpiv9uC0XcPcT5qWR1pfdO4F5wTBDrHzFpfVvu3FQCxYafUzlWJuehNl4vtUKc_3GLNHAWvKSCHlyrc03CvbE&amp;__tn__=-]K-R\"><span class=\"xt0psk2\"><span class=\"xjp7ctv\">Vero D\u00edaz<\/span><\/span><\/a><\/span>, quienes contin\u00faan impulsando la transformaci\u00f3n de nuestro estado y de nuestro pa\u00eds.<\/div>\n<\/div>\n<div class=\"x14z9mp xat24cr x1lziwak x1vvkbs xtlvy1s x126k92a\">\n<div dir=\"auto\">\u00a1Sigamos organiz\u00e1ndonos, informando y defendiendo lo que es del pueblo! Porque la patria no se vende, se ama y se defiende.<\/div>\n<\/div>\n","protected":false},"excerpt":{"rendered":"<p>Hoy s\u00e9 di\u00f3 inicio a las Asambleas Informativas en Defensa de la Soberan\u00eda de la Naci\u00f3n, convencidos de que cuando el pueblo se organiza y participa,<span class=\"excerpt-hellip\"> [\u2026]<\/span><\/p>\n","protected":false},"author":2,"featured_media":32839,"comment_status":"open","ping_status":"open","sticky":false,"template":"","format":"standard","meta":{"footnotes":""},"categories":[8],"tags":[],"class_list":["post-32838","post","type-post","status-publish","format-standard","has-post-thumbnail","hentry","category-politica"],"_links":{"self":[{"href":"https:\/\/sientetupasion.com\/index.php\/wp-json\/wp\/v2\/posts\/32838","targetHints":{"allow":["GET"]}}],"collection":[{"href":"https:\/\/sientetupasion.com\/index.php\/wp-json\/wp\/v2\/posts"}],"about":[{"href":"https:\/\/sientetupasion.com\/index.php\/wp-json\/wp\/v2\/types\/post"}],"author":[{"embeddable":true,"href":"https:\/\/sientetupasion.com\/index.php\/wp-json\/wp\/v2\/users\/2"}],"replies":[{"embeddable":true,"href":"https:\/\/sientetupasion.com\/index.php\/wp-json\/wp\/v2\/comments?post=32838"}],"version-history":[{"count":1,"href":"https:\/\/sientetupasion.com\/index.php\/wp-json\/wp\/v2\/posts\/32838\/revisions"}],"predecessor-version":[{"id":32840,"href":"https:\/\/sientetupasion.com\/index.php\/wp-json\/wp\/v2\/posts\/32838\/revisions\/32840"}],"wp:featuredmedia":[{"embeddable":true,"href":"https:\/\/sientetupasion.com\/index.php\/wp-json\/wp\/v2\/media\/32839"}],"wp:attachment":[{"href":"https:\/\/sientetupasion.com\/index.php\/wp-json\/wp\/v2\/media?parent=32838"}],"wp:term":[{"taxonomy":"category","embeddable":true,"href":"https:\/\/sientetupasion.com\/index.php\/wp-json\/wp\/v2\/categories?post=32838"},{"taxonomy":"post_tag","embeddable":true,"href":"https:\/\/sientetupasion.com\/index.php\/wp-json\/wp\/v2\/tags?post=32838"}],"curies":[{"name":"wp","href":"https:\/\/api.w.org\/{rel}","templated":true}]}}