{"id":32814,"date":"2026-07-24T07:42:49","date_gmt":"2026-07-24T13:42:49","guid":{"rendered":"https:\/\/sientetupasion.com\/?p=32814"},"modified":"2026-07-24T07:42:49","modified_gmt":"2026-07-24T13:42:49","slug":"festival-jerez-capital-migrante-2026-honra-las-historias-de-vida-de-quienes-llevaron-el-nombre-de-jerez-mas-alla-de-las-fronteras","status":"publish","type":"post","link":"https:\/\/sientetupasion.com\/index.php\/2026\/07\/24\/festival-jerez-capital-migrante-2026-honra-las-historias-de-vida-de-quienes-llevaron-el-nombre-de-jerez-mas-alla-de-las-fronteras\/","title":{"rendered":"Festival Jerez Capital Migrante 2026 honra las historias de vida de quienes llevaron el nombre de Jerez m\u00e1s all\u00e1 de las fronteras"},"content":{"rendered":"<h1><\/h1>\n<p class=\"isSelectedEnd\"><strong>Jerez, Zacatecas.<\/strong> En un emotivo encuentro que celebr\u00f3 la identidad, la memoria y el orgullo de ser jerezano, el Gobierno Municipal realiz\u00f3 el conversatorio <strong>&#8220;Jerez en el Coraz\u00f3n: Historias que cruzaron fronteras, ra\u00edces que nunca se fueron&#8221;<\/strong>, como parte de las actividades del <strong>Festival Jerez Capital Migrante 2026<\/strong>, encabezado por el presidente municipal <strong>Rodrigo Ure\u00f1o Ba\u00f1uelos<\/strong>.<\/p>\n<p class=\"isSelectedEnd\">El espacio reuni\u00f3 a las y los <strong>Migrantes Galardonados 2026<\/strong>: <strong>Lidio Pinedo Guti\u00e9rrez, Cirilo Sald\u00edvar Lozano y Yessica Flores Rodr\u00edguez<\/strong>, quienes compartieron con el p\u00fablico sus experiencias de vida, los desaf\u00edos que enfrentaron al emigrar, los logros alcanzados y el profundo amor que mantienen por Jerez, demostrando que la distancia nunca ha sido un obst\u00e1culo para conservar vivas sus ra\u00edces.<\/p>\n<p class=\"isSelectedEnd\">El conversatorio fue moderado por <strong>Itzel Cabrera Salamanca<\/strong>, directora de la Escuela de M\u00fasica Municipal <strong>&#8220;Candelario Hu\u00edzar&#8221;<\/strong>, quien condujo un di\u00e1logo lleno de sensibilidad y reflexi\u00f3n, permitiendo conocer historias de esfuerzo, resiliencia y esperanza que nacieron en las calles, escuelas y familias jerezanas, y que hoy representan un ejemplo de perseverancia para las nuevas generaciones.<\/p>\n<p class=\"isSelectedEnd\">Durante la actividad se destac\u00f3 la importancia de reconocer las aportaciones de la comunidad migrante, cuya dedicaci\u00f3n y trabajo han contribuido al desarrollo de sus familias y al fortalecimiento del nombre de Jerez dentro y fuera de M\u00e9xico. Asimismo, se reafirm\u00f3 el compromiso del Gobierno Municipal de mantener abiertos espacios de encuentro que fortalezcan los lazos entre quienes radican en el extranjero y su tierra natal.<\/p>\n<p class=\"isSelectedEnd\">Como broche de oro de la jornada, los asistentes disfrutaron de un concierto a cargo del <strong>Ensamble de Saxof\u00f3n<\/strong>, integrado por el <strong>Mtro. V\u00edctor Col\u00f3n Luj\u00e1n<\/strong> y el <strong>Mtro. Luis Enrique Mart\u00ednez<\/strong>, quienes ofrecieron una presentaci\u00f3n que fusion\u00f3 tradici\u00f3n, sensibilidad y excelencia musical, llevando el nombre de Jerez en cada interpretaci\u00f3n y brindando una experiencia art\u00edstica de gran calidad.<\/p>\n<p>Con actividades como este conversatorio, el <strong>Festival Jerez Capital Migrante 2026<\/strong> contin\u00faa consolid\u00e1ndose como un espacio de reconocimiento a las y los migrantes jerezanos, fortaleciendo la identidad, el sentido de pertenencia y el orgullo por las ra\u00edces que unen a la comunidad, sin importar la distancia.<\/p>\n","protected":false},"excerpt":{"rendered":"<p>Jerez, Zacatecas. En un emotivo encuentro que celebr\u00f3 la identidad, la memoria y el orgullo de ser jerezano, el Gobierno Municipal realiz\u00f3 el conversatorio &#8220;Jerez en<span class=\"excerpt-hellip\"> [\u2026]<\/span><\/p>\n","protected":false},"author":2,"featured_media":32815,"comment_status":"open","ping_status":"open","sticky":false,"template":"","format":"standard","meta":{"footnotes":""},"categories":[28],"tags":[],"class_list":["post-32814","post","type-post","status-publish","format-standard","has-post-thumbnail","hentry","category-jerez"],"_links":{"self":[{"href":"https:\/\/sientetupasion.com\/index.php\/wp-json\/wp\/v2\/posts\/32814","targetHints":{"allow":["GET"]}}],"collection":[{"href":"https:\/\/sientetupasion.com\/index.php\/wp-json\/wp\/v2\/posts"}],"about":[{"href":"https:\/\/sientetupasion.com\/index.php\/wp-json\/wp\/v2\/types\/post"}],"author":[{"embeddable":true,"href":"https:\/\/sientetupasion.com\/index.php\/wp-json\/wp\/v2\/users\/2"}],"replies":[{"embeddable":true,"href":"https:\/\/sientetupasion.com\/index.php\/wp-json\/wp\/v2\/comments?post=32814"}],"version-history":[{"count":1,"href":"https:\/\/sientetupasion.com\/index.php\/wp-json\/wp\/v2\/posts\/32814\/revisions"}],"predecessor-version":[{"id":32816,"href":"https:\/\/sientetupasion.com\/index.php\/wp-json\/wp\/v2\/posts\/32814\/revisions\/32816"}],"wp:featuredmedia":[{"embeddable":true,"href":"https:\/\/sientetupasion.com\/index.php\/wp-json\/wp\/v2\/media\/32815"}],"wp:attachment":[{"href":"https:\/\/sientetupasion.com\/index.php\/wp-json\/wp\/v2\/media?parent=32814"}],"wp:term":[{"taxonomy":"category","embeddable":true,"href":"https:\/\/sientetupasion.com\/index.php\/wp-json\/wp\/v2\/categories?post=32814"},{"taxonomy":"post_tag","embeddable":true,"href":"https:\/\/sientetupasion.com\/index.php\/wp-json\/wp\/v2\/tags?post=32814"}],"curies":[{"name":"wp","href":"https:\/\/api.w.org\/{rel}","templated":true}]}}