{"id":32683,"date":"2026-07-20T20:24:02","date_gmt":"2026-07-21T02:24:02","guid":{"rendered":"https:\/\/sientetupasion.com\/?p=32683"},"modified":"2026-07-21T20:32:39","modified_gmt":"2026-07-22T02:32:39","slug":"inauguran-en-jerez-la-feria-de-servicios-y-salud-sin-fronteras-2026-para-atender-a-familias-y-comunidad-migrante","status":"publish","type":"post","link":"https:\/\/sientetupasion.com\/index.php\/2026\/07\/20\/inauguran-en-jerez-la-feria-de-servicios-y-salud-sin-fronteras-2026-para-atender-a-familias-y-comunidad-migrante\/","title":{"rendered":"Inauguran en Jerez la Feria de Servicios y Salud Sin Fronteras 2026 para atender a familias y comunidad migrante"},"content":{"rendered":"<h1><\/h1>\n<p class=\"isSelectedEnd\"><strong>Jerez, Zacatecas.<\/strong> En el marco del <strong>Festival Jerez Capital Migrante 2026<\/strong>, el Gobierno Municipal inaugur\u00f3 la <strong>Feria de Servicios y Salud Sin Fronteras 2026<\/strong>, un espacio de atenci\u00f3n integral que del <strong>19 al 21 de julio<\/strong>, en un horario de <strong>9:00 a 14:00 horas<\/strong>, ofrecer\u00e1 servicios gratuitos de salud, orientaci\u00f3n y tr\u00e1mites gubernamentales en el Jard\u00edn Principal, en beneficio de las familias jerezanas y de la comunidad migrante.<\/p>\n<p class=\"isSelectedEnd\">La feria es organizada por el <strong>H. Ayuntamiento de Jerez 2024\u20132027<\/strong>, a trav\u00e9s del <strong>Sistema Municipal DIF<\/strong>, en coordinaci\u00f3n con el <strong>Centro M\u00e9dico Carrillo (CMC)<\/strong>, el <strong>Centro de Salud IMSS Bienestar<\/strong>, el <strong>CRIJJ<\/strong>, la <strong>Polic\u00eda Vial Preventiva<\/strong>, el <strong>Registro Civil<\/strong> y <strong>Protecci\u00f3n Civil y Bomberos<\/strong>, instituciones que suman esfuerzos para acercar servicios accesibles y de calidad a la poblaci\u00f3n.<\/p>\n<p class=\"isSelectedEnd\">Durante los tres d\u00edas de actividades, las y los asistentes podr\u00e1n acceder a servicios como toma de presi\u00f3n arterial, detecci\u00f3n de glucosa, orientaci\u00f3n para la prevenci\u00f3n y control de diabetes, colesterol e hipertensi\u00f3n, evaluaci\u00f3n nutricional, higiene bucal, vacunaci\u00f3n, atenci\u00f3n psicol\u00f3gica e informaci\u00f3n sobre los servicios m\u00e9dicos disponibles en el municipio. Adem\u00e1s, se ofrecer\u00e1 el registro a la <strong>Membres\u00eda Familiar del Centro M\u00e9dico Carrillo<\/strong>, as\u00ed como diversos tr\u00e1mites del Registro Civil, entre ellos doble nacionalidad, matrimonios, aclaraciones y correcciones de actas, expedici\u00f3n de actas de nacimiento y CURP.<\/p>\n<p class=\"isSelectedEnd\">Durante la inauguraci\u00f3n, la presidenta honor\u00edfica del <strong>Sistema Municipal DIF<\/strong>, <strong>Estefana Casas Gonz\u00e1lez<\/strong>, destac\u00f3 que esta iniciativa busca fortalecer la atenci\u00f3n a las y los migrantes jerezanos, sus familias y la poblaci\u00f3n en general, acercando en un solo espacio servicios preventivos de salud, orientaci\u00f3n m\u00e9dica, programas institucionales y tr\u00e1mites gubernamentales.<\/p>\n<p class=\"isSelectedEnd\">Por su parte, la vocera del <strong>Centro M\u00e9dico Carrillo<\/strong>, <strong>Dra. Astrid Carrillo<\/strong>, reconoci\u00f3 la aportaci\u00f3n que realizan las y los jerezanos radicados en el extranjero al desarrollo del municipio y se\u00f1al\u00f3 que esta feria representa una muestra de agradecimiento por el apoyo constante que brindan a su tierra de origen, mediante un esfuerzo coordinado entre instituciones p\u00fablicas y privadas.<\/p>\n<p class=\"isSelectedEnd\">La ceremonia inaugural cont\u00f3 con la presencia de la <strong>Dra. Crystal Carrillo Garrido<\/strong>, directora del Centro M\u00e9dico Carrillo; <strong>Alejandro Prieto Pacheco<\/strong>, director del Centro de Salud Jerez IMSS Bienestar; el regidor comisionado de Salud y Asistencia Social, <strong>TUM Javier Luna P\u00e9rez<\/strong>; la regidora de Atenci\u00f3n al Migrante y Asuntos Internacionales, <strong>Haraydee Lozano G\u00f3mez<\/strong>; representantes de clubes migrantes y <strong>Josefina Cabrera Lozano<\/strong>, coordinadora regional de IMSS Bienestar.<\/p>\n<p>Con esta iniciativa, el Gobierno Municipal de Jerez reafirma su compromiso de acercar servicios de salud y atenci\u00f3n integral a la poblaci\u00f3n, fortaleciendo el bienestar de las familias y reconociendo la importancia de la comunidad migrante en el desarrollo del municipio.<\/p>\n","protected":false},"excerpt":{"rendered":"<p>Jerez, Zacatecas. En el marco del Festival Jerez Capital Migrante 2026, el Gobierno Municipal inaugur\u00f3 la Feria de Servicios y Salud Sin Fronteras 2026, un espacio<span class=\"excerpt-hellip\"> [\u2026]<\/span><\/p>\n","protected":false},"author":2,"featured_media":32684,"comment_status":"open","ping_status":"open","sticky":false,"template":"","format":"standard","meta":{"footnotes":""},"categories":[28],"tags":[],"class_list":["post-32683","post","type-post","status-publish","format-standard","has-post-thumbnail","hentry","category-jerez"],"_links":{"self":[{"href":"https:\/\/sientetupasion.com\/index.php\/wp-json\/wp\/v2\/posts\/32683","targetHints":{"allow":["GET"]}}],"collection":[{"href":"https:\/\/sientetupasion.com\/index.php\/wp-json\/wp\/v2\/posts"}],"about":[{"href":"https:\/\/sientetupasion.com\/index.php\/wp-json\/wp\/v2\/types\/post"}],"author":[{"embeddable":true,"href":"https:\/\/sientetupasion.com\/index.php\/wp-json\/wp\/v2\/users\/2"}],"replies":[{"embeddable":true,"href":"https:\/\/sientetupasion.com\/index.php\/wp-json\/wp\/v2\/comments?post=32683"}],"version-history":[{"count":1,"href":"https:\/\/sientetupasion.com\/index.php\/wp-json\/wp\/v2\/posts\/32683\/revisions"}],"predecessor-version":[{"id":32685,"href":"https:\/\/sientetupasion.com\/index.php\/wp-json\/wp\/v2\/posts\/32683\/revisions\/32685"}],"wp:featuredmedia":[{"embeddable":true,"href":"https:\/\/sientetupasion.com\/index.php\/wp-json\/wp\/v2\/media\/32684"}],"wp:attachment":[{"href":"https:\/\/sientetupasion.com\/index.php\/wp-json\/wp\/v2\/media?parent=32683"}],"wp:term":[{"taxonomy":"category","embeddable":true,"href":"https:\/\/sientetupasion.com\/index.php\/wp-json\/wp\/v2\/categories?post=32683"},{"taxonomy":"post_tag","embeddable":true,"href":"https:\/\/sientetupasion.com\/index.php\/wp-json\/wp\/v2\/tags?post=32683"}],"curies":[{"name":"wp","href":"https:\/\/api.w.org\/{rel}","templated":true}]}}