{"id":27751,"date":"2026-04-30T19:51:03","date_gmt":"2026-05-01T01:51:03","guid":{"rendered":"https:\/\/sientetupasion.com\/?p=27751"},"modified":"2026-04-30T19:51:03","modified_gmt":"2026-05-01T01:51:03","slug":"ulises-mejia-impulsamos-ley-para-garantizar-el-primer-empleo-de-jovenes","status":"publish","type":"post","link":"https:\/\/sientetupasion.com\/index.php\/2026\/04\/30\/ulises-mejia-impulsamos-ley-para-garantizar-el-primer-empleo-de-jovenes\/","title":{"rendered":"ULISES MEJ\u00cdA: IMPULSAMOS LEY PARA GARANTIZAR EL PRIMER EMPLEO DE J\u00d3VENES"},"content":{"rendered":"<p>Ciudad de M\u00e9xico.\u2013 En el marco de la discusi\u00f3n en el Pleno de la C\u00e1mara de Diputados, el diputado federal Ulises Mej\u00eda Haro respald\u00f3 el dictamen que reforma diversas disposiciones de la Ley Federal del Trabajo con el objetivo de fomentar el acceso al primer empleo de las personas j\u00f3venes, fortaleciendo el papel del Servicio Nacional de Empleo.  \ufffc<\/p>\n<p>El legislador zacatecano destac\u00f3 que esta reforma atiende una de las principales barreras estructurales que enfrentan las juventudes: la falta de experiencia laboral. Se\u00f1al\u00f3 que con estos cambios se impulsa el dise\u00f1o y ejecuci\u00f3n de programas espec\u00edficos que faciliten su incorporaci\u00f3n al mercado formal, generando oportunidades reales de desarrollo.<\/p>\n<p>Ulises Mej\u00eda Haro subray\u00f3 que el dictamen no solo fortalece el marco jur\u00eddico, sino que tambi\u00e9n permite articular de mejor manera a los actores del mercado laboral, ampliando las oportunidades para j\u00f3venes y grupos en situaci\u00f3n de vulnerabilidad. \u201cGarantizar el acceso al primer empleo es abrir la puerta al crecimiento personal, al ingreso digno y a una vida con mayores oportunidades\u201d, expres\u00f3.<\/p>\n<p>Asimismo, destac\u00f3 que esta reforma es congruente con la visi\u00f3n de la presidenta Claudia Sheinbaum de construir un pa\u00eds con justicia social, donde el trabajo sea una herramienta de bienestar y no un privilegio. Con estas acciones, afirm\u00f3, se avanza en la consolidaci\u00f3n de pol\u00edticas p\u00fablicas que atienden de fondo las necesidades de las nuevas generaciones.<\/p>\n<p>Finalmente, reiter\u00f3 su compromiso de seguir legislando por la esperanza, impulsando iniciativas que generen empleo, fortalezcan la econom\u00eda y mejoren la calidad de vida de las familias mexicanas.<\/p>\n","protected":false},"excerpt":{"rendered":"<p>Ciudad de M\u00e9xico.\u2013 En el marco de la discusi\u00f3n en el Pleno de la C\u00e1mara de Diputados, el diputado federal Ulises Mej\u00eda Haro respald\u00f3 el dictamen<span class=\"excerpt-hellip\"> [\u2026]<\/span><\/p>\n","protected":false},"author":2,"featured_media":27752,"comment_status":"open","ping_status":"open","sticky":false,"template":"","format":"standard","meta":{"footnotes":""},"categories":[8],"tags":[],"class_list":["post-27751","post","type-post","status-publish","format-standard","has-post-thumbnail","hentry","category-politica"],"_links":{"self":[{"href":"https:\/\/sientetupasion.com\/index.php\/wp-json\/wp\/v2\/posts\/27751","targetHints":{"allow":["GET"]}}],"collection":[{"href":"https:\/\/sientetupasion.com\/index.php\/wp-json\/wp\/v2\/posts"}],"about":[{"href":"https:\/\/sientetupasion.com\/index.php\/wp-json\/wp\/v2\/types\/post"}],"author":[{"embeddable":true,"href":"https:\/\/sientetupasion.com\/index.php\/wp-json\/wp\/v2\/users\/2"}],"replies":[{"embeddable":true,"href":"https:\/\/sientetupasion.com\/index.php\/wp-json\/wp\/v2\/comments?post=27751"}],"version-history":[{"count":1,"href":"https:\/\/sientetupasion.com\/index.php\/wp-json\/wp\/v2\/posts\/27751\/revisions"}],"predecessor-version":[{"id":27753,"href":"https:\/\/sientetupasion.com\/index.php\/wp-json\/wp\/v2\/posts\/27751\/revisions\/27753"}],"wp:featuredmedia":[{"embeddable":true,"href":"https:\/\/sientetupasion.com\/index.php\/wp-json\/wp\/v2\/media\/27752"}],"wp:attachment":[{"href":"https:\/\/sientetupasion.com\/index.php\/wp-json\/wp\/v2\/media?parent=27751"}],"wp:term":[{"taxonomy":"category","embeddable":true,"href":"https:\/\/sientetupasion.com\/index.php\/wp-json\/wp\/v2\/categories?post=27751"},{"taxonomy":"post_tag","embeddable":true,"href":"https:\/\/sientetupasion.com\/index.php\/wp-json\/wp\/v2\/tags?post=27751"}],"curies":[{"name":"wp","href":"https:\/\/api.w.org\/{rel}","templated":true}]}}