{"id":27745,"date":"2026-04-30T19:47:43","date_gmt":"2026-05-01T01:47:43","guid":{"rendered":"https:\/\/sientetupasion.com\/?p=27745"},"modified":"2026-04-30T19:47:43","modified_gmt":"2026-05-01T01:47:43","slug":"ayuntamiento-de-zacatecas-reconoce-la-valentia-de-proteccion-civil-y-fortalece-su-capacidad-operativa","status":"publish","type":"post","link":"https:\/\/sientetupasion.com\/index.php\/2026\/04\/30\/ayuntamiento-de-zacatecas-reconoce-la-valentia-de-proteccion-civil-y-fortalece-su-capacidad-operativa\/","title":{"rendered":"Ayuntamiento de Zacatecas reconoce la valent\u00eda de Protecci\u00f3n Civil y fortalece su capacidad operativa"},"content":{"rendered":"<p>En un acto encabezado por el presidente municipal, Miguel Varela, se llev\u00f3 a cabo la entrega de reconocimientos y equipo de trabajo a la Coordinaci\u00f3n de Protecci\u00f3n Civil Municipal, destacando su labor durante el reciente incendio en las bodegas de Alimentaci\u00f3n para el Bienestar. El evento reafirm\u00f3 el compromiso del Gobierno de Zacatecas capital con el fortalecimiento de las corporaciones de emergencia.<\/p>\n<p>Durante su mensaje, el alcalde Miguel Varela destac\u00f3 la pronta respuesta y solidaridad de la corporaci\u00f3n ARES de Colotl\u00e1n, que recorri\u00f3 m\u00e1s de 130 kil\u00f3metros para apoyar en la emergencia. Subray\u00f3 que esta intervenci\u00f3n evit\u00f3 que el incendio escalara a una tragedia mayor, debido a la cercan\u00eda con una gasolinera y otras instalaciones con material inflamable.<\/p>\n<p>\u201cEl trabajo que realizan es loable, peligroso y muchas veces poco reconocido. Hoy asumimos tambi\u00e9n nuestra responsabilidad de respaldarlos y brindarles las herramientas necesarias para cumplir con su labor\u201d, expres\u00f3 el edil, al tiempo que enfatiz\u00f3 la importancia de dejar de lado diferencias pol\u00edticas ante situaciones que ponen en riesgo a la poblaci\u00f3n.<\/p>\n<p>En este sentido, el presidente municipal reiter\u00f3 que, en emergencias, no deben existir colores, partidos o ideolog\u00edas, ya que la prioridad es salvaguardar la vida de las personas. Se\u00f1al\u00f3 que la reciente contingencia evidenci\u00f3 la importancia de la solidaridad y la coordinaci\u00f3n entre instituciones de los tres \u00f3rdenes de gobierno, as\u00ed como entre corporaciones de distintos municipios e incluso estados. \u201cEn momentos cr\u00edticos es cuando m\u00e1s debemos estar unidos, sin distinciones, trabajando por un mismo objetivo\u201d, puntualiz\u00f3.<\/p>\n<p>Durante el evento tambi\u00e9n se realiz\u00f3 la entrega de equipo t\u00e1ctico a la corporaci\u00f3n de Protecci\u00f3n Civil Municipal, con el objetivo de fortalecer su capacidad de respuesta ante emergencias. Este equipamiento incluye herramientas y uniformes especializados que permitir\u00e1n a las y los elementos desempe\u00f1ar sus funciones con mayor seguridad y eficiencia.<\/p>\n<p>Por su parte, Luis Felipe Santos Quintanilla agradeci\u00f3 el respaldo del gobierno municipal y reconoci\u00f3 el esfuerzo de los elementos de Protecci\u00f3n Civil, quienes arriesgaron su vida para salvaguardar a la ciudadan\u00eda. Asimismo, destac\u00f3 la coordinaci\u00f3n con el grupo ARES como un ejemplo de solidaridad y trabajo conjunto entre corporaciones.<\/p>\n<p>En el pres\u00eddium estuvieron presentes la s\u00edndica municipal, Wendy Valdez; la directora de Operaciones de Alimentaci\u00f3n para el Bienestar en Zacatecas, Lizeth Tabla Moya; el subgerente de la Unidad Operativa, Ad\u00e1n Guti\u00e9rrez Mart\u00ednez; el subgerente de Log\u00edstica, Carlos L\u00f3pez Zavaleta; y el subgerente de Transportes, Jos\u00e9 Eduardo Torres Torres. Asimismo, asistieron las y los regidores Reginaldo \u00c1vila, Mariana Anaya, Bernardo Ibarra, \u00d3scar Contreras y David Garc\u00eda; el secretario del Ayuntamiento, Eric Mu\u00f1oz; el coordinador de Protecci\u00f3n Civil Municipal, Luis Felipe Santos Quintanilla; y el director de ADIS del Grupo de Atenci\u00f3n y Emergencias de Colotl\u00e1n, Jalisco, Jaime Gonz\u00e1lez Madera.<\/p>\n","protected":false},"excerpt":{"rendered":"<p>En un acto encabezado por el presidente municipal, Miguel Varela, se llev\u00f3 a cabo la entrega de reconocimientos y equipo de trabajo a la Coordinaci\u00f3n de<span class=\"excerpt-hellip\"> [\u2026]<\/span><\/p>\n","protected":false},"author":2,"featured_media":27746,"comment_status":"open","ping_status":"open","sticky":false,"template":"","format":"standard","meta":{"footnotes":""},"categories":[4],"tags":[],"class_list":["post-27745","post","type-post","status-publish","format-standard","has-post-thumbnail","hentry","category-locales"],"_links":{"self":[{"href":"https:\/\/sientetupasion.com\/index.php\/wp-json\/wp\/v2\/posts\/27745","targetHints":{"allow":["GET"]}}],"collection":[{"href":"https:\/\/sientetupasion.com\/index.php\/wp-json\/wp\/v2\/posts"}],"about":[{"href":"https:\/\/sientetupasion.com\/index.php\/wp-json\/wp\/v2\/types\/post"}],"author":[{"embeddable":true,"href":"https:\/\/sientetupasion.com\/index.php\/wp-json\/wp\/v2\/users\/2"}],"replies":[{"embeddable":true,"href":"https:\/\/sientetupasion.com\/index.php\/wp-json\/wp\/v2\/comments?post=27745"}],"version-history":[{"count":1,"href":"https:\/\/sientetupasion.com\/index.php\/wp-json\/wp\/v2\/posts\/27745\/revisions"}],"predecessor-version":[{"id":27747,"href":"https:\/\/sientetupasion.com\/index.php\/wp-json\/wp\/v2\/posts\/27745\/revisions\/27747"}],"wp:featuredmedia":[{"embeddable":true,"href":"https:\/\/sientetupasion.com\/index.php\/wp-json\/wp\/v2\/media\/27746"}],"wp:attachment":[{"href":"https:\/\/sientetupasion.com\/index.php\/wp-json\/wp\/v2\/media?parent=27745"}],"wp:term":[{"taxonomy":"category","embeddable":true,"href":"https:\/\/sientetupasion.com\/index.php\/wp-json\/wp\/v2\/categories?post=27745"},{"taxonomy":"post_tag","embeddable":true,"href":"https:\/\/sientetupasion.com\/index.php\/wp-json\/wp\/v2\/tags?post=27745"}],"curies":[{"name":"wp","href":"https:\/\/api.w.org\/{rel}","templated":true}]}}