{"id":27742,"date":"2026-04-30T19:46:49","date_gmt":"2026-05-01T01:46:49","guid":{"rendered":"https:\/\/sientetupasion.com\/?p=27742"},"modified":"2026-04-30T19:46:49","modified_gmt":"2026-05-01T01:46:49","slug":"ninez-al-centro-villa-garcia-celebra-con-alegria-y-unidad-el-dia-de-la-nina-y-el-nino","status":"publish","type":"post","link":"https:\/\/sientetupasion.com\/index.php\/2026\/04\/30\/ninez-al-centro-villa-garcia-celebra-con-alegria-y-unidad-el-dia-de-la-nina-y-el-nino\/","title":{"rendered":"NI\u00d1EZ AL CENTRO: VILLA GARC\u00cdA CELEBRA CON ALEGR\u00cdA Y UNIDAD EL D\u00cdA DE LA NI\u00d1A Y EL NI\u00d1O"},"content":{"rendered":"<p>Villa Garc\u00eda, Zac., 30 de abril de 2026.\u2013 Cuando la risa de una ni\u00f1a o un ni\u00f1o se convierte en el sonido m\u00e1s fuerte de un municipio, sabemos que algo se est\u00e1 haciendo bien. As\u00ed se vivi\u00f3 el Festival del D\u00eda de la Ni\u00f1a y el Ni\u00f1o en Villa Garc\u00eda: una jornada llena de emoci\u00f3n, convivencia y momentos que quedar\u00e1n en la memoria de cientos de familias.<\/p>\n<p>Desde el primer instante, el ambiente se llen\u00f3 de color, entusiasmo y energ\u00eda. Las y los peque\u00f1os fueron los protagonistas absolutos de una tarde dise\u00f1ada para celebrar su esencia, su alegr\u00eda y su derecho a ser felices. Entre aplausos y sonrisas, el rodeo de borregas se convirti\u00f3 en uno de los momentos m\u00e1s divertidos, generando emoci\u00f3n y participaci\u00f3n en cada actividad.<\/p>\n<p>Pero m\u00e1s all\u00e1 del espect\u00e1culo, el coraz\u00f3n de esta celebraci\u00f3n estuvo en los detalles: la entrega de dulces, juguetes y sorpresas que iluminaron los rostros de las ni\u00f1as y ni\u00f1os. Cada obsequio fue m\u00e1s que un regalo; fue un mensaje claro de cercan\u00eda, compromiso y reconocimiento hacia la ni\u00f1ez como el presente m\u00e1s valioso de la sociedad.<\/p>\n<p>Este festival no solo fue una fiesta, fue un espacio de encuentro familiar, donde madres, padres, abuelos y j\u00f3venes convivieron en un ambiente sano, fortaleciendo el tejido social y reafirmando que la ni\u00f1ez debe crecer rodeada de amor, seguridad y oportunidades.<\/p>\n<p>En este contexto, el Presidente Municipal de Villa Garc\u00eda, Ernesto Mora Hurtado, destac\u00f3 la importancia de seguir impulsando este tipo de actividades:<\/p>\n<p>\u201cVer a nuestras ni\u00f1as y ni\u00f1os sonre\u00edr nos recuerda por qu\u00e9 trabajamos todos los d\u00edas. Ellos son el motor de nuestro municipio y la raz\u00f3n principal de nuestras acciones. En Villa Garc\u00eda estamos comprometidos con generar espacios donde puedan crecer felices, seguros y con esperanza\u201d, expres\u00f3.<\/p>\n<p>Asimismo, subray\u00f3 que estas celebraciones forman parte de una visi\u00f3n m\u00e1s amplia de gobierno, donde la ni\u00f1ez ocupa un lugar prioritario en la agenda p\u00fablica, no solo en fechas conmemorativas, sino en pol\u00edticas y acciones permanentes que impacten su desarrollo integral.<\/p>\n<p>El \u00e9xito de este festival fue posible gracias al trabajo coordinado de autoridades, equipos operativos y la participaci\u00f3n activa de la ciudadan\u00eda, quienes hicieron de este evento una verdadera fiesta comunitaria.<\/p>\n<p>Hoy, Villa Garc\u00eda env\u00eda un mensaje claro: invertir en la ni\u00f1ez es apostar por el futuro. Porque cada sonrisa, cada juego y cada momento compartido construyen una sociedad m\u00e1s fuerte, m\u00e1s humana y m\u00e1s unida. Y aqu\u00ed, ese futuro ya se est\u00e1 celebrando.<\/p>\n","protected":false},"excerpt":{"rendered":"<p>Villa Garc\u00eda, Zac., 30 de abril de 2026.\u2013 Cuando la risa de una ni\u00f1a o un ni\u00f1o se convierte en el sonido m\u00e1s fuerte de un<span class=\"excerpt-hellip\"> [\u2026]<\/span><\/p>\n","protected":false},"author":2,"featured_media":27743,"comment_status":"open","ping_status":"open","sticky":false,"template":"","format":"standard","meta":{"footnotes":""},"categories":[8],"tags":[],"class_list":["post-27742","post","type-post","status-publish","format-standard","has-post-thumbnail","hentry","category-politica"],"_links":{"self":[{"href":"https:\/\/sientetupasion.com\/index.php\/wp-json\/wp\/v2\/posts\/27742","targetHints":{"allow":["GET"]}}],"collection":[{"href":"https:\/\/sientetupasion.com\/index.php\/wp-json\/wp\/v2\/posts"}],"about":[{"href":"https:\/\/sientetupasion.com\/index.php\/wp-json\/wp\/v2\/types\/post"}],"author":[{"embeddable":true,"href":"https:\/\/sientetupasion.com\/index.php\/wp-json\/wp\/v2\/users\/2"}],"replies":[{"embeddable":true,"href":"https:\/\/sientetupasion.com\/index.php\/wp-json\/wp\/v2\/comments?post=27742"}],"version-history":[{"count":1,"href":"https:\/\/sientetupasion.com\/index.php\/wp-json\/wp\/v2\/posts\/27742\/revisions"}],"predecessor-version":[{"id":27744,"href":"https:\/\/sientetupasion.com\/index.php\/wp-json\/wp\/v2\/posts\/27742\/revisions\/27744"}],"wp:featuredmedia":[{"embeddable":true,"href":"https:\/\/sientetupasion.com\/index.php\/wp-json\/wp\/v2\/media\/27743"}],"wp:attachment":[{"href":"https:\/\/sientetupasion.com\/index.php\/wp-json\/wp\/v2\/media?parent=27742"}],"wp:term":[{"taxonomy":"category","embeddable":true,"href":"https:\/\/sientetupasion.com\/index.php\/wp-json\/wp\/v2\/categories?post=27742"},{"taxonomy":"post_tag","embeddable":true,"href":"https:\/\/sientetupasion.com\/index.php\/wp-json\/wp\/v2\/tags?post=27742"}],"curies":[{"name":"wp","href":"https:\/\/api.w.org\/{rel}","templated":true}]}}