{"id":27729,"date":"2026-04-30T19:38:30","date_gmt":"2026-05-01T01:38:30","guid":{"rendered":"https:\/\/sientetupasion.com\/?p=27729"},"modified":"2026-04-30T19:38:30","modified_gmt":"2026-05-01T01:38:30","slug":"juan-garcia-paez-es-nombrado-delegado-territorial-del-pri-en-guadalupe","status":"publish","type":"post","link":"https:\/\/sientetupasion.com\/index.php\/2026\/04\/30\/juan-garcia-paez-es-nombrado-delegado-territorial-del-pri-en-guadalupe\/","title":{"rendered":"JUAN GARC\u00cdA P\u00c1EZ ES NOMBRADO DELEGADO TERRITORIAL DEL PRI EN GUADALUPE"},"content":{"rendered":"<p>En un evento desarrollado en las instalaciones del Comit\u00e9 Directivo del PRI en Guadalupe, el Presidente estatal, Carlos Pe\u00f1a Badillo, entreg\u00f3 su nombramiento a Juan Garc\u00eda P\u00e1ez, como Delegado Territorial en este municipio.<\/p>\n<p>Al entregar su respectivo nombramiento y presentarlo ante la militancia priista de Guadalupe, Pe\u00f1a Badillo reconoci\u00f3 la trayectoria pol\u00edtica y en el servicio p\u00fablico de Juan Garc\u00eda P\u00e1ez, a quien pidi\u00f3 fortalecer al partido a trav\u00e9s de su experiencia.<\/p>\n<p>Acompa\u00f1ado por la dirigencia municipal del PRI en Guadalupe, Carlos Pe\u00f1a Badillo exhort\u00f3 a las y los priistas guadalupenses a trabajar en coordinaci\u00f3n con el nuevo Delegado Territorial y a seguir reforzando las tareas de activismo pol\u00edtico para consolidar al priismo en este municipio.<\/p>\n<p>Asimismo, los convoc\u00f3 a mantener la unidad, redoblar esfuerzos desde el territorio y fortalecer la cercan\u00eda con la ciudadan\u00eda, escuchando sus necesidades y dando resultados concretos que fortalezcan la confianza en el partido.<\/p>\n<p>Por su parte, el Delegado General, Jos\u00e9 Marco Antonio Olvera Acevedo, destac\u00f3 la importancia de construir estructuras s\u00f3lidas, de carne y hueso, que permitan al PRI estar preparado de cara a los pr\u00f3ximos retos electorales, al tiempo que reiter\u00f3 el compromiso de trabajar en equipo para seguir fortaleciendo la presencia del partido en este municipio.<\/p>\n<p>Durante este evento se cont\u00f3 con la asistencia de Roberto Lu\u00e9vano Ruiz, as\u00ed como de las y los integrantes del Comit\u00e9 Directivo Municipal del PRI en Guadalupe. <\/p>\n<p>&#8212;000&#8212;<\/p>\n","protected":false},"excerpt":{"rendered":"<p>En un evento desarrollado en las instalaciones del Comit\u00e9 Directivo del PRI en Guadalupe, el Presidente estatal, Carlos Pe\u00f1a Badillo, entreg\u00f3 su nombramiento a Juan Garc\u00eda<span class=\"excerpt-hellip\"> [\u2026]<\/span><\/p>\n","protected":false},"author":2,"featured_media":27730,"comment_status":"open","ping_status":"open","sticky":false,"template":"","format":"standard","meta":{"footnotes":""},"categories":[8],"tags":[],"class_list":["post-27729","post","type-post","status-publish","format-standard","has-post-thumbnail","hentry","category-politica"],"_links":{"self":[{"href":"https:\/\/sientetupasion.com\/index.php\/wp-json\/wp\/v2\/posts\/27729","targetHints":{"allow":["GET"]}}],"collection":[{"href":"https:\/\/sientetupasion.com\/index.php\/wp-json\/wp\/v2\/posts"}],"about":[{"href":"https:\/\/sientetupasion.com\/index.php\/wp-json\/wp\/v2\/types\/post"}],"author":[{"embeddable":true,"href":"https:\/\/sientetupasion.com\/index.php\/wp-json\/wp\/v2\/users\/2"}],"replies":[{"embeddable":true,"href":"https:\/\/sientetupasion.com\/index.php\/wp-json\/wp\/v2\/comments?post=27729"}],"version-history":[{"count":1,"href":"https:\/\/sientetupasion.com\/index.php\/wp-json\/wp\/v2\/posts\/27729\/revisions"}],"predecessor-version":[{"id":27731,"href":"https:\/\/sientetupasion.com\/index.php\/wp-json\/wp\/v2\/posts\/27729\/revisions\/27731"}],"wp:featuredmedia":[{"embeddable":true,"href":"https:\/\/sientetupasion.com\/index.php\/wp-json\/wp\/v2\/media\/27730"}],"wp:attachment":[{"href":"https:\/\/sientetupasion.com\/index.php\/wp-json\/wp\/v2\/media?parent=27729"}],"wp:term":[{"taxonomy":"category","embeddable":true,"href":"https:\/\/sientetupasion.com\/index.php\/wp-json\/wp\/v2\/categories?post=27729"},{"taxonomy":"post_tag","embeddable":true,"href":"https:\/\/sientetupasion.com\/index.php\/wp-json\/wp\/v2\/tags?post=27729"}],"curies":[{"name":"wp","href":"https:\/\/api.w.org\/{rel}","templated":true}]}}