{"id":27715,"date":"2026-04-30T15:43:16","date_gmt":"2026-04-30T21:43:16","guid":{"rendered":"https:\/\/sientetupasion.com\/?p=27715"},"modified":"2026-04-30T15:43:16","modified_gmt":"2026-04-30T21:43:16","slug":"flag-football-mexicano-alista-preparacion-en-europa-rumbo-al-campeonato-mundial","status":"publish","type":"post","link":"https:\/\/sientetupasion.com\/index.php\/2026\/04\/30\/flag-football-mexicano-alista-preparacion-en-europa-rumbo-al-campeonato-mundial\/","title":{"rendered":"Flag Football mexicano alista preparaci\u00f3n en Europa rumbo al Campeonato Mundial"},"content":{"rendered":"<ul>\n<li>Los 36 jugadores que conforman las preselecciones sostienen concentraciones y preparaci\u00f3n en el CNAR y ENED<\/li>\n<\/ul>\n<p>Las escuadras nacionales de\u00a0<strong>flag football<\/strong>, en las categor\u00edas femenil y varonil, realizar\u00e1n una preparaci\u00f3n en Europa rumbo al Campeonato Mundial, a celebrarse en agosto en Alemania, el gran examen previo al debut ol\u00edmpico de la disciplina en\u00a0<strong>Los \u00c1ngeles 2028.<\/strong><\/p>\n<p>Durante el D\u00eda de Medios, realizado este mi\u00e9rcoles en el Centro Nacional de Desarrollo de Talentos Deportivos y Alto Rendimiento (CNAR), se detall\u00f3 que los equipos tendr\u00e1n dos viajes de preparaci\u00f3n: Espa\u00f1a en mayo y Austria en junio, a donde asistir\u00e1n con el apoyo de la Comisi\u00f3n Nacional de Cultura F\u00edsica y Deporte (CONADE).<\/p>\n<p><img decoding=\"async\" src=\"https:\/\/www.gob.mx\/cms\/uploads\/image\/file\/1071027\/WhatsApp_Image_2026-04-29_at_15.06.44.jpeg\" alt=\"\/cms\/uploads\/image\/file\/1071027\/WhatsApp_Image_2026-04-29_at_15.06.44.jpeg\" width=\"600\" \/><\/p>\n<p>En Madrid competir\u00e1n en ambas ramas contra la selecci\u00f3n espa\u00f1ola y en Austria, sostendr\u00e1n juegos de competencia varonil con Dinamarca, Suiza y el cuadro local, mientras que la femenil solo lo har\u00e1 contra\u00a0las anfitrionas, aunado a entrenamientos y pr\u00e1cticas.<\/p>\n<p>\u201cA eso nos enfrentaremos en el Mundial, son equipos importantes, que sobresalen siempre en su continente y que mejor para nosotros que competir en su clima y contra sus caracter\u00edsticas f\u00edsicas encaminado a nuestra preparaci\u00f3n para el Mundial y que dar\u00e1 el pase a los Juegos Ol\u00edmpicos de 2028\u201d, detall\u00f3 el head coach Fernando Alfaro.<\/p>\n<p><img decoding=\"async\" src=\"https:\/\/www.gob.mx\/cms\/uploads\/image\/file\/1071028\/WhatsApp_Image_2026-04-29_at_15.06.41.jpeg\" alt=\"\/cms\/uploads\/image\/file\/1071028\/WhatsApp_Image_2026-04-29_at_15.06.41.jpeg\" width=\"600\" \/><\/p>\n<p>A esta concentraci\u00f3n europea asistir\u00e1n 18 jugadores por rama, para que al final sean 12 elementos los que integren cada selecci\u00f3n para asistir a la cita mundialista, la m\u00e1s competida por el boleto que otorga, y que se llevar\u00e1 a cabo del 13 al 16 de agosto en D\u00fcsseldorf.<\/p>\n<p><strong>El sue\u00f1o: Los Juegos Ol\u00edmpicos\u00a0\u00a0<\/strong><\/p>\n<p>M\u00e9xico, que se ostenta como l\u00edder del ranking mundial femenil y como tercer en varonil, mantienen una mentalidad positiva y fuerte por hacer historia para el deporte nacional.<\/p>\n<p>\u201cLa preparaci\u00f3n para el Mundial ha sido muy intensa desde enero con el proceso de preselecci\u00f3n; nos retamos, planteamos una nueva estrategia de juego ya sea ofensiva o defensiva, seguimos evolucionando y estos retos en Europa nos van a servir para seguir ajustando, pero la mentalidad es la misma: ir por el oro, es hambre de conseguir este sue\u00f1o de los Juegos Ol\u00edmpicos\u201d, coment\u00f3 la capitana Diana Flores.<\/p>\n<p><img decoding=\"async\" src=\"https:\/\/www.gob.mx\/cms\/uploads\/image\/file\/1071029\/WhatsApp_Image_2026-04-29_at_15.06.42.jpeg\" alt=\"\/cms\/uploads\/image\/file\/1071029\/WhatsApp_Image_2026-04-29_at_15.06.42.jpeg\" width=\"600\" \/><\/p>\n<p>Ambas selecciones sostienen desde el a\u00f1o pasado concentraciones y preparaciones definidas en las instalaciones del CNAR y la ENED, al tiempo que agradecieron esta gira que como disciplina sostendr\u00e1n por Europa.<\/p>\n<p>\u201cEs un punto muy importante, es algo que nos ha ayudado a nuestra preparaci\u00f3n y otro punto importante es esta gira, pues es algo que no hab\u00edamos tenido y agradecemos el apoyo, pues los resultados y todo este trabajo es gracias al trabajo de la Federaci\u00f3n y CONADE ahora con miras a los Ol\u00edmpicos\u201d, dijo Fernando Alfaro.<\/p>\n<p><img decoding=\"async\" src=\"https:\/\/www.gob.mx\/cms\/uploads\/image\/file\/1071030\/WhatsApp_Image_2026-04-29_at_15.06.42__1_.jpeg\" alt=\"\/cms\/uploads\/image\/file\/1071030\/WhatsApp_Image_2026-04-29_at_15.06.42__1_.jpeg\" width=\"600\" \/><\/p>\n<p>En el D\u00eda de Medios, como representantes de las selecciones estuvieron las jugadoras Victoria Ch\u00e1vez, M\u00f3nica Rangel, Allison Salazar, Diana Flores, Tania Rincon y \u00c1ngela Funes, as\u00ed como los jugadores Alberto Villegas, Diego P\u00e9rez, Alonso Gaxiola, Victor Balderramos y Cristopher Cardona.<\/p>\n<p>Ser\u00e1 el pr\u00f3ximo mi\u00e9rcoles 6 de mayo cuando ambas selecciones emprendan el camino a Espa\u00f1a, su primera parada de esta gira preparatoria.<\/p>\n","protected":false},"excerpt":{"rendered":"<p>Los 36 jugadores que conforman las preselecciones sostienen concentraciones y preparaci\u00f3n en el CNAR y ENED Las escuadras nacionales de\u00a0flag football, en las categor\u00edas femenil y<span class=\"excerpt-hellip\"> [\u2026]<\/span><\/p>\n","protected":false},"author":2,"featured_media":0,"comment_status":"open","ping_status":"open","sticky":false,"template":"","format":"standard","meta":{"footnotes":""},"categories":[6],"tags":[],"class_list":["post-27715","post","type-post","status-publish","format-standard","hentry","category-deportes"],"_links":{"self":[{"href":"https:\/\/sientetupasion.com\/index.php\/wp-json\/wp\/v2\/posts\/27715","targetHints":{"allow":["GET"]}}],"collection":[{"href":"https:\/\/sientetupasion.com\/index.php\/wp-json\/wp\/v2\/posts"}],"about":[{"href":"https:\/\/sientetupasion.com\/index.php\/wp-json\/wp\/v2\/types\/post"}],"author":[{"embeddable":true,"href":"https:\/\/sientetupasion.com\/index.php\/wp-json\/wp\/v2\/users\/2"}],"replies":[{"embeddable":true,"href":"https:\/\/sientetupasion.com\/index.php\/wp-json\/wp\/v2\/comments?post=27715"}],"version-history":[{"count":1,"href":"https:\/\/sientetupasion.com\/index.php\/wp-json\/wp\/v2\/posts\/27715\/revisions"}],"predecessor-version":[{"id":27716,"href":"https:\/\/sientetupasion.com\/index.php\/wp-json\/wp\/v2\/posts\/27715\/revisions\/27716"}],"wp:attachment":[{"href":"https:\/\/sientetupasion.com\/index.php\/wp-json\/wp\/v2\/media?parent=27715"}],"wp:term":[{"taxonomy":"category","embeddable":true,"href":"https:\/\/sientetupasion.com\/index.php\/wp-json\/wp\/v2\/categories?post=27715"},{"taxonomy":"post_tag","embeddable":true,"href":"https:\/\/sientetupasion.com\/index.php\/wp-json\/wp\/v2\/tags?post=27715"}],"curies":[{"name":"wp","href":"https:\/\/api.w.org\/{rel}","templated":true}]}}