{"id":27712,"date":"2026-04-30T15:42:30","date_gmt":"2026-04-30T21:42:30","guid":{"rendered":"https:\/\/sientetupasion.com\/?p=27712"},"modified":"2026-04-30T15:42:30","modified_gmt":"2026-04-30T21:42:30","slug":"medallistas-de-paris-2024-van-a-la-serie-mundial-de-para-natacion-en-berlin","status":"publish","type":"post","link":"https:\/\/sientetupasion.com\/index.php\/2026\/04\/30\/medallistas-de-paris-2024-van-a-la-serie-mundial-de-para-natacion-en-berlin\/","title":{"rendered":"Medallistas de Par\u00eds 2024 van a la Serie Mundial de Para Nataci\u00f3n en Berl\u00edn"},"content":{"rendered":"<ul>\n<li>Fabiola Ram\u00edrez y Diego L\u00f3pez, medallistas en Tokio 2020 tambi\u00e9n asisten al certamen<\/li>\n<\/ul>\n<p>Los medallistas de los Juegos Paral\u00edmpicos Par\u00eds 2024, Arnulfo Castorena, \u00c1ngel Camacho y Jes\u00fas Guti\u00e9rrez, as\u00ed como Diego L\u00f3pez y Fabiola Ram\u00edrez ganadores de preseas en Tokio 2020, forman parte del equipo de 11 deportistas que competir\u00e1n en la Serie Mundial de Para Nataci\u00f3n Berl\u00edn 2026, que se realizar\u00e1 del 7 al 9 de mayo, en Alemania.<\/p>\n<p><img decoding=\"async\" src=\"https:\/\/www.gob.mx\/cms\/uploads\/image\/file\/1071209\/Arnulfo_Castorena_B.jpg\" alt=\"\/cms\/uploads\/image\/file\/1071209\/Arnulfo_Castorena_B.jpg\" width=\"600\" \/><\/p>\n<p>\u201cEl objetivo en Berl\u00edn es tener fogueo internacional, esta vez la competencia no ser\u00e1 selectiva, pero s\u00ed es fogueo, de medirnos c\u00f3mo va el mundo y c\u00f3mo vamos nosotros en este primer a\u00f1o de ciclo paral\u00edmpico, porque van a estar duras las competencias en los Juegos Paral\u00edmpicos Los \u00c1ngeles 2028\u201d, se\u00f1al\u00f3 el entrenador Jos\u00e9 Pel\u00e1ez, en entrevista con la Comisi\u00f3n Nacional de Cultura F\u00edsica y Deporte (CONADE).<\/p>\n<p><img decoding=\"async\" src=\"https:\/\/www.gob.mx\/cms\/uploads\/image\/file\/1071187\/Prof_Jos__Pel_ez_JPG.jpg\" alt=\"\/cms\/uploads\/image\/file\/1071187\/Prof_Jos__Pel_ez_JPG.jpg\" width=\"600\" \/><\/p>\n<p>El t\u00e9cnico, quien asiste al frente de seis para nadadores de sillas de ruedas, entre ellos los medallistas de Par\u00eds 2024, Arnulfo Castorena y Jes\u00fas Guti\u00e9rrez, agreg\u00f3 que las competencias en Alemania ser\u00e1n de alto nivel. \u201cEn la Serie de Berl\u00edn habr\u00e1 una participaci\u00f3n muy buena, ya tenemos la lista de participantes y Rusia va fuerte, China tambi\u00e9n, hay varios pa\u00edses que van muy fuertes, bien preparados y qu\u00e9 bueno que tenemos el apoyo de la CONADE para este evento\u201d.<\/p>\n<p><img decoding=\"async\" src=\"https:\/\/www.gob.mx\/cms\/uploads\/image\/file\/1071189\/Prof_Jos__Pel_ez_2_JPG_.jpg\" alt=\"\/cms\/uploads\/image\/file\/1071189\/Prof_Jos__Pel_ez_2_JPG_.jpg\" width=\"600\" \/><\/p>\n<p>A la Serie Mundial asistir\u00e1n para nadadores de la Federaci\u00f3n Mexicana de Deportes para Personas con Par\u00e1lisis Cerebral, quienes viajar\u00e1n este s\u00e1bado 2 de mayo y de la Federaci\u00f3n Mexicana de Deportes en Sillas de Ruedas y Amputados, quienes se trasladar\u00e1n a Alemania el lunes 4 de mayo.<\/p>\n<p><img decoding=\"async\" src=\"https:\/\/www.gob.mx\/cms\/uploads\/image\/file\/1071191\/Fabiola_Ram_rez_en_Par_s_2024.jpg\" alt=\"\/cms\/uploads\/image\/file\/1071191\/Fabiola_Ram_rez_en_Par_s_2024.jpg\" width=\"600\" \/><\/p>\n<p>Entre los deportistas destacados tambi\u00e9n se encuentran los medallistas parapanamericanos de Santiago 2023: Gustavo S\u00e1nchez, Naomi Somellera y Marcos Z\u00e1rate.<\/p>\n<p><img decoding=\"async\" src=\"https:\/\/www.gob.mx\/cms\/uploads\/image\/file\/1071210\/Gustavo_S_nchez.jpg\" alt=\"\/cms\/uploads\/image\/file\/1071210\/Gustavo_S_nchez.jpg\" width=\"600\" \/><\/p>\n<p>El certamen de Berl\u00edn ser\u00e1 un evento de preparaci\u00f3n para los deportistas, en el primer a\u00f1o del ciclo a los Juegos Paral\u00edmpicos Los \u00c1ngeles 2028, que servir\u00e1 para foguearse y medirse con los mejores del orbe y permitir\u00e1 que los entrenadores puedan empezar a hacer ajustes y mejorar tiempos y marcas.<\/p>\n<p><img decoding=\"async\" src=\"https:\/\/www.gob.mx\/cms\/uploads\/image\/file\/1071188\/1__ngel_Camacho_2.jpg\" alt=\"\/cms\/uploads\/image\/file\/1071188\/1__ngel_Camacho_2.jpg\" width=\"600\" \/><\/p>\n<p>Por otra parte, la medallista de los Juegos Parapanamericanos Santiago 2023, Matilde Estefania Alcazar Figueroa, seleccionada de la Federaci\u00f3n Mexicana del Deporte para Ciegos y D\u00e9biles Visuales, viaj\u00f3 este martes a la Serie Mundial de Para Nataci\u00f3n de Francia, que se efectuar\u00e1 en Par\u00eds, del 1 al 3 de mayo.<\/p>\n<p>DEPORTISTAS A BERL\u00cdN<\/p>\n<p>PAR\u00c1LISIS CEREBRAL<\/p>\n<p>Fabiola Ram\u00edrez Mart\u00ednez<\/p>\n<p>Marcos Rafael Zarate Rodr\u00edguez<\/p>\n<p>SILLAS DE RUEDAS<\/p>\n<p>\u00c1ngel de Jes\u00fas Camacho Ram\u00edrez<\/p>\n<p>Jes\u00fas Rey L\u00f3pez Cervantes<\/p>\n<p>Diego L\u00f3pez D\u00edaz<\/p>\n<p>Naomi Somellera Mandujano<\/p>\n<p>Naomi Alejandra Ortiz M\u00e9ndez<\/p>\n<p>Jos\u00e9 Arnulfo Castorena Velez<\/p>\n<p>Gustavo Ramon S\u00e1nchez Mart\u00ednez<\/p>\n<p>Jes\u00fas Alberto Guti\u00e9rrez Berm\u00fadez<\/p>\n<p>Ra\u00fal Guti\u00e9rrez Berm\u00fadez<\/p>\n<p>&nbsp;<\/p>\n","protected":false},"excerpt":{"rendered":"<p>Fabiola Ram\u00edrez y Diego L\u00f3pez, medallistas en Tokio 2020 tambi\u00e9n asisten al certamen Los medallistas de los Juegos Paral\u00edmpicos Par\u00eds 2024, Arnulfo Castorena, \u00c1ngel Camacho y<span class=\"excerpt-hellip\"> [\u2026]<\/span><\/p>\n","protected":false},"author":2,"featured_media":27713,"comment_status":"open","ping_status":"open","sticky":false,"template":"","format":"standard","meta":{"footnotes":""},"categories":[6],"tags":[],"class_list":["post-27712","post","type-post","status-publish","format-standard","has-post-thumbnail","hentry","category-deportes"],"_links":{"self":[{"href":"https:\/\/sientetupasion.com\/index.php\/wp-json\/wp\/v2\/posts\/27712","targetHints":{"allow":["GET"]}}],"collection":[{"href":"https:\/\/sientetupasion.com\/index.php\/wp-json\/wp\/v2\/posts"}],"about":[{"href":"https:\/\/sientetupasion.com\/index.php\/wp-json\/wp\/v2\/types\/post"}],"author":[{"embeddable":true,"href":"https:\/\/sientetupasion.com\/index.php\/wp-json\/wp\/v2\/users\/2"}],"replies":[{"embeddable":true,"href":"https:\/\/sientetupasion.com\/index.php\/wp-json\/wp\/v2\/comments?post=27712"}],"version-history":[{"count":1,"href":"https:\/\/sientetupasion.com\/index.php\/wp-json\/wp\/v2\/posts\/27712\/revisions"}],"predecessor-version":[{"id":27714,"href":"https:\/\/sientetupasion.com\/index.php\/wp-json\/wp\/v2\/posts\/27712\/revisions\/27714"}],"wp:featuredmedia":[{"embeddable":true,"href":"https:\/\/sientetupasion.com\/index.php\/wp-json\/wp\/v2\/media\/27713"}],"wp:attachment":[{"href":"https:\/\/sientetupasion.com\/index.php\/wp-json\/wp\/v2\/media?parent=27712"}],"wp:term":[{"taxonomy":"category","embeddable":true,"href":"https:\/\/sientetupasion.com\/index.php\/wp-json\/wp\/v2\/categories?post=27712"},{"taxonomy":"post_tag","embeddable":true,"href":"https:\/\/sientetupasion.com\/index.php\/wp-json\/wp\/v2\/tags?post=27712"}],"curies":[{"name":"wp","href":"https:\/\/api.w.org\/{rel}","templated":true}]}}